{"id":1898,"date":"2024-01-30T10:11:01","date_gmt":"2024-01-30T09:11:01","guid":{"rendered":"https:\/\/agora.xtec.cat\/ins-intermunicipal\/?p=1898"},"modified":"2025-06-18T11:38:02","modified_gmt":"2025-06-18T09:38:02","slug":"lipsap-un-projecte-de-salut-pels-joves","status":"publish","type":"post","link":"https:\/\/agora.xtec.cat\/ins-intermunicipal\/general\/lipsap-un-projecte-de-salut-pels-joves\/","title":{"rendered":"L&#8217;IPSAP, un projecte de salut pels joves"},"content":{"rendered":"<p style=\"text-align: justify;\"><a href=\"https:\/\/agora.xtec.cat\/ins-intermunicipal\/wp-content\/uploads\/usu2220\/2024\/01\/IPSAPNumero-2-2-1_page-0001.jpg\"><img loading=\"lazy\" decoding=\"async\" class=\" wp-image-1902 alignleft\" src=\"https:\/\/agora.xtec.cat\/ins-intermunicipal\/wp-content\/uploads\/usu2220\/2024\/01\/IPSAPNumero-2-2-1_page-0001.jpg\" alt=\"\" width=\"394\" height=\"257\" srcset=\"https:\/\/agora.xtec.cat\/ins-intermunicipal\/wp-content\/uploads\/usu2220\/2024\/01\/IPSAPNumero-2-2-1_page-0001.jpg 330w, https:\/\/agora.xtec.cat\/ins-intermunicipal\/wp-content\/uploads\/usu2220\/2024\/01\/IPSAPNumero-2-2-1_page-0001-300x195.jpg 300w\" sizes=\"auto, (max-width: 394px) 100vw, 394px\" \/><\/a>El nostre \u00e9s un dels instituts que inicien i formen part de l&#8217;<strong>Institut Promotor de Salut de l&#8217;Alt Pened\u00e8s<\/strong> (IPSAP), un projecte de salut comunit\u00e0ria i transversal que t\u00e9 l&#8217;objectiu de difondre una cultura de salut entre els joves i les seves fam\u00edlies. \u00c9s per aix\u00f2 que des de l&#8217;IPSAP es vol fer prevenci\u00f3 pel que fa als principals factors de risc per a la salut dels joves: el consum de tabac i d&#8217;alcohol, el consum de drogues, l&#8217;alimentaci\u00f3, les hores de son, l&#8217;\u00fas del m\u00f2bil, la sexualitat, la salut mental i els comportaments violents o l&#8217;assetjament.<\/p>\n<p style=\"text-align: justify;\">El programa parteix d&#8217;un marc com\u00fa de refer\u00e8ncia en el qual les institucions locals reuneixen els seus recursos amb el prop\u00f2sit de crear sin\u00e8rgies positives entre ells i generant, aix\u00ed, uns resultats que siguin profitosos i maximitzin les qualitats de tots els elements. Aquests recursos s&#8217;afegeixen a l&#8217;esfor\u00e7 de l&#8217;institut per a refor\u00e7ar i mantenir els missatges que sobre salut cal transmetre durant tota l&#8217;etapa de l&#8217;Educaci\u00f3 Secund\u00e0ria Obligat\u00f2ria.<\/p>\n<p style=\"text-align: justify;\">Us adjuntem el darrer butllet\u00ed de l&#8217;IPSAP on a m\u00e9s de qu\u00e8 \u00e9s l&#8217;IPSAP i els seus objectius, hi podreu trobar informacions relatives a activitats, consells d&#8217;alimentaci\u00f3 i esport, aix\u00ed com recomanacions de lectures i enlla\u00e7os de pel\u00b7l\u00edcules que d&#8217;alguna manera tracten els objectius de promoci\u00f3 de la salut entre els joves. Hi podreu accedir clicant a <a href=\"https:\/\/agora.xtec.cat\/ins-intermunicipal\/wp-content\/uploads\/usu2220\/2024\/01\/IPSAPNumero-2-2-1.pdf\" target=\"_blank\" rel=\"noopener\">Butllet\u00ed IPSAP.2<\/a><\/p>\n<p>En aquest altre enlla\u00e7 podreu accedir a la publicaci\u00f3 de juny 2025: <a href=\"https:\/\/drive.google.com\/file\/d\/14mTxMpckstzkoabXxQDy5iOW5O3qTAur\/view\" target=\"_blank\" rel=\"noopener\">Butllet\u00ed IPSAP.5<\/a><\/p>\n","protected":false},"excerpt":{"rendered":"<p><a href=\"https:\/\/agora.xtec.cat\/ins-intermunicipal\/wp-content\/uploads\/usu2220\/2024\/01\/IPSAPNumero-2-2-1_page-0001.jpg\"><\/a>El nostre \u00e9s un dels instituts que inicien i formen part de l&#8217;Institut Promotor de Salut de l&#8217;Alt Pened\u00e8s (IPSAP), un projecte de salut comunit\u00e0ria i transversal que t\u00e9 l&#8217;objectiu de difondre una cultura de salut entre els joves i les seves fam\u00edlies. \u00c9s&hellip;  <a href=\"https:\/\/agora.xtec.cat\/ins-intermunicipal\/general\/lipsap-un-projecte-de-salut-pels-joves\/\" title=\"Read L&#8217;IPSAP, un projecte de salut pels joves\">Llegeix m\u00e9s\u00bb<\/a><\/p>\n","protected":false},"author":7,"featured_media":1902,"comment_status":"closed","ping_status":"closed","sticky":false,"template":"","format":"standard","meta":{"_bbp_topic_count":0,"_bbp_reply_count":0,"_bbp_total_topic_count":0,"_bbp_total_reply_count":0,"_bbp_voice_count":0,"_bbp_anonymous_reply_count":0,"_bbp_topic_count_hidden":0,"_bbp_reply_count_hidden":0,"_bbp_forum_subforum_count":0,"footnotes":""},"categories":[3,1,29],"tags":[220,329,45],"class_list":["post-1898","post","type-post","status-publish","format-standard","has-post-thumbnail","hentry","category-eso","category-general","category-portada","tag-eso","tag-ipsap","tag-salut"],"post_mailing_queue_ids":[],"_links":{"self":[{"href":"https:\/\/agora.xtec.cat\/ins-intermunicipal\/wp-json\/wp\/v2\/posts\/1898","targetHints":{"allow":["GET"]}}],"collection":[{"href":"https:\/\/agora.xtec.cat\/ins-intermunicipal\/wp-json\/wp\/v2\/posts"}],"about":[{"href":"https:\/\/agora.xtec.cat\/ins-intermunicipal\/wp-json\/wp\/v2\/types\/post"}],"author":[{"embeddable":true,"href":"https:\/\/agora.xtec.cat\/ins-intermunicipal\/wp-json\/wp\/v2\/users\/7"}],"replies":[{"embeddable":true,"href":"https:\/\/agora.xtec.cat\/ins-intermunicipal\/wp-json\/wp\/v2\/comments?post=1898"}],"version-history":[{"count":6,"href":"https:\/\/agora.xtec.cat\/ins-intermunicipal\/wp-json\/wp\/v2\/posts\/1898\/revisions"}],"predecessor-version":[{"id":4984,"href":"https:\/\/agora.xtec.cat\/ins-intermunicipal\/wp-json\/wp\/v2\/posts\/1898\/revisions\/4984"}],"wp:featuredmedia":[{"embeddable":true,"href":"https:\/\/agora.xtec.cat\/ins-intermunicipal\/wp-json\/wp\/v2\/media\/1902"}],"wp:attachment":[{"href":"https:\/\/agora.xtec.cat\/ins-intermunicipal\/wp-json\/wp\/v2\/media?parent=1898"}],"wp:term":[{"taxonomy":"category","embeddable":true,"href":"https:\/\/agora.xtec.cat\/ins-intermunicipal\/wp-json\/wp\/v2\/categories?post=1898"},{"taxonomy":"post_tag","embeddable":true,"href":"https:\/\/agora.xtec.cat\/ins-intermunicipal\/wp-json\/wp\/v2\/tags?post=1898"}],"curies":[{"name":"wp","href":"https:\/\/api.w.org\/{rel}","templated":true}]}}