{"id":1879,"date":"2024-01-29T13:40:15","date_gmt":"2024-01-29T12:40:15","guid":{"rendered":"https:\/\/agora.xtec.cat\/ins-intermunicipal\/?p=1879"},"modified":"2024-01-29T13:48:26","modified_gmt":"2024-01-29T12:48:26","slug":"ona-montserrat-a-la-seleccio-sub16","status":"publish","type":"post","link":"https:\/\/agora.xtec.cat\/ins-intermunicipal\/general\/ona-montserrat-a-la-seleccio-sub16\/","title":{"rendered":"Ona Montserrat a la Selecci\u00f3 Sub16"},"content":{"rendered":"<p style=\"text-align: justify;\"><a href=\"https:\/\/agora.xtec.cat\/ins-intermunicipal\/wp-content\/uploads\/usu2220\/2024\/01\/Ona-Montserrat.jpg\"><img loading=\"lazy\" decoding=\"async\" class=\"alignleft wp-image-1880 size-medium\" src=\"https:\/\/agora.xtec.cat\/ins-intermunicipal\/wp-content\/uploads\/usu2220\/2024\/01\/Ona-Montserrat-240x300.jpg\" alt=\"\" width=\"240\" height=\"300\" srcset=\"https:\/\/agora.xtec.cat\/ins-intermunicipal\/wp-content\/uploads\/usu2220\/2024\/01\/Ona-Montserrat-240x300.jpg 240w, https:\/\/agora.xtec.cat\/ins-intermunicipal\/wp-content\/uploads\/usu2220\/2024\/01\/Ona-Montserrat.jpg 640w\" sizes=\"auto, (max-width: 240px) 100vw, 240px\" \/><\/a>L&#8217;Ona Montserrat, estudiant de 4t d&#8217;ESO del nostre institut, ha estat convocada per la Selecci\u00f3 Espanyola de Futbol Sub16. L&#8217;Ona juga al Juvenil A del CF Igualada i ara formar\u00e0 tamb\u00e9 part de la Selecci\u00f3 Espanyola, ra\u00f3 per la qual aquesta setmana entrenar\u00e0 amb les millors de la seva categoria. Ens n&#8217;alegrem i des d&#8217;aqu\u00ed la felicitem pels seus \u00e8xits esportius.<\/p>\n<p>&nbsp;<\/p>\n<p>&nbsp;<\/p>\n<p>&nbsp;<\/p>\n<p>&nbsp;<\/p>\n<p>&nbsp;<\/p>\n<p>[Fotografia de<em> La veu de l&#8217;Anoia<\/em>]<\/p>\n","protected":false},"excerpt":{"rendered":"<p><a href=\"https:\/\/agora.xtec.cat\/ins-intermunicipal\/wp-content\/uploads\/usu2220\/2024\/01\/Ona-Montserrat.jpg\"><\/a>L&#8217;Ona Montserrat, estudiant de 4t d&#8217;ESO del nostre institut, ha estat convocada per la Selecci\u00f3 Espanyola de Futbol Sub16. L&#8217;Ona juga al Juvenil A del CF Igualada i ara formar\u00e0 tamb\u00e9 part de la Selecci\u00f3 Espanyola, ra\u00f3 per la qual aquesta setmana entrenar\u00e0 amb&hellip;  <a href=\"https:\/\/agora.xtec.cat\/ins-intermunicipal\/general\/ona-montserrat-a-la-seleccio-sub16\/\" title=\"Read Ona Montserrat a la Selecci\u00f3 Sub16\">Llegeix m\u00e9s\u00bb<\/a><\/p>\n","protected":false},"author":7,"featured_media":1883,"comment_status":"closed","ping_status":"closed","sticky":false,"template":"","format":"standard","meta":{"_bbp_topic_count":0,"_bbp_reply_count":0,"_bbp_total_topic_count":0,"_bbp_total_reply_count":0,"_bbp_voice_count":0,"_bbp_anonymous_reply_count":0,"_bbp_topic_count_hidden":0,"_bbp_reply_count_hidden":0,"_bbp_forum_subforum_count":0,"footnotes":""},"categories":[7,3,1,29],"tags":[323,324,322,325,326],"class_list":["post-1879","post","type-post","status-publish","format-standard","has-post-thumbnail","hentry","category-4eso","category-eso","category-general","category-portada","tag-esport","tag-futbol","tag-ona-montserrat","tag-seleccio","tag-sub16"],"post_mailing_queue_ids":[],"_links":{"self":[{"href":"https:\/\/agora.xtec.cat\/ins-intermunicipal\/wp-json\/wp\/v2\/posts\/1879","targetHints":{"allow":["GET"]}}],"collection":[{"href":"https:\/\/agora.xtec.cat\/ins-intermunicipal\/wp-json\/wp\/v2\/posts"}],"about":[{"href":"https:\/\/agora.xtec.cat\/ins-intermunicipal\/wp-json\/wp\/v2\/types\/post"}],"author":[{"embeddable":true,"href":"https:\/\/agora.xtec.cat\/ins-intermunicipal\/wp-json\/wp\/v2\/users\/7"}],"replies":[{"embeddable":true,"href":"https:\/\/agora.xtec.cat\/ins-intermunicipal\/wp-json\/wp\/v2\/comments?post=1879"}],"version-history":[{"count":5,"href":"https:\/\/agora.xtec.cat\/ins-intermunicipal\/wp-json\/wp\/v2\/posts\/1879\/revisions"}],"predecessor-version":[{"id":1887,"href":"https:\/\/agora.xtec.cat\/ins-intermunicipal\/wp-json\/wp\/v2\/posts\/1879\/revisions\/1887"}],"wp:featuredmedia":[{"embeddable":true,"href":"https:\/\/agora.xtec.cat\/ins-intermunicipal\/wp-json\/wp\/v2\/media\/1883"}],"wp:attachment":[{"href":"https:\/\/agora.xtec.cat\/ins-intermunicipal\/wp-json\/wp\/v2\/media?parent=1879"}],"wp:term":[{"taxonomy":"category","embeddable":true,"href":"https:\/\/agora.xtec.cat\/ins-intermunicipal\/wp-json\/wp\/v2\/categories?post=1879"},{"taxonomy":"post_tag","embeddable":true,"href":"https:\/\/agora.xtec.cat\/ins-intermunicipal\/wp-json\/wp\/v2\/tags?post=1879"}],"curies":[{"name":"wp","href":"https:\/\/api.w.org\/{rel}","templated":true}]}}