{"id":1875,"date":"2024-01-29T13:19:01","date_gmt":"2024-01-29T12:19:01","guid":{"rendered":"https:\/\/agora.xtec.cat\/ins-intermunicipal\/?p=1875"},"modified":"2024-01-29T13:20:31","modified_gmt":"2024-01-29T12:20:31","slug":"ofertes-de-feina-a-lalt-penedes-26-de-gener","status":"publish","type":"post","link":"https:\/\/agora.xtec.cat\/ins-intermunicipal\/formacio-professional\/feina-fp\/ofertes-de-feina-a-lalt-penedes-26-de-gener\/","title":{"rendered":"Ofertes de feina a l&#8217;Alt Pened\u00e8s 26 de gener"},"content":{"rendered":"<p>Compartim amb vosaltres la selecci\u00f3 d&#8217;<a href=\"https:\/\/drive.google.com\/file\/d\/1rMWguzGrX06IYodXHTeUWXT4WZUSOOg0\/view?usp=sharing\">ofertes de feina<\/a> que ens han preparat i fet arribar des de l&#8217;Oficina de Treball de l&#8217;Ajuntament de Vilafranca del Pened\u00e8s. Les ofertes estan vinculades als estudis que ofereix l&#8217;Institut Intermunicipal del Pened\u00e8s. L&#8217;oficina ens ha fet arribar tamb\u00e9 informaci\u00f3 de l&#8217;oferta de <a href=\"https:\/\/drive.google.com\/file\/d\/1n_EUMMHRRwfcHr0yL74DFALWiHE2z_u-\/view?usp=sharing\">formacions per aquest mes de gener<\/a> i el <a href=\"https:\/\/ocupacio.vilafranca.cat\/servei-les-persones\/formacio\">procediment per apuntar-s&#8217;hi<\/a>. Us recordem que per apuntar-vos a les ofertes de feina us heu d&#8217;inscriure abans a la Xarxa Xaloc. L&#8217;oficina ens facilita tamb\u00e9 les dades de contacte i <a href=\"https:\/\/drive.google.com\/file\/d\/1Dh-xtyTFSVUNkvQsJDSh-4bC7uj49rG6\/view?usp=sharing\">el procediment per fer-ho<\/a>.<\/p>\n","protected":false},"excerpt":{"rendered":"<p>Compartim amb vosaltres la selecci\u00f3 d&#8217;<a href=\"https:\/\/drive.google.com\/file\/d\/1rMWguzGrX06IYodXHTeUWXT4WZUSOOg0\/view?usp=sharing\">ofertes de feina<\/a> que ens han preparat i fet arribar des de l&#8217;Oficina de Treball de l&#8217;Ajuntament de Vilafranca del Pened\u00e8s. Les ofertes estan vinculades als estudis que ofereix l&#8217;Institut Intermunicipal del Pened\u00e8s. L&#8217;oficina ens ha fet arribar tamb\u00e9&hellip;  <a href=\"https:\/\/agora.xtec.cat\/ins-intermunicipal\/formacio-professional\/feina-fp\/ofertes-de-feina-a-lalt-penedes-26-de-gener\/\" title=\"Read Ofertes de feina a l&#8217;Alt Pened\u00e8s 26 de gener\">Llegeix m\u00e9s\u00bb<\/a><\/p>\n","protected":false},"author":8,"featured_media":0,"comment_status":"closed","ping_status":"closed","sticky":false,"template":"","format":"standard","meta":{"_bbp_topic_count":0,"_bbp_reply_count":0,"_bbp_total_topic_count":0,"_bbp_total_reply_count":0,"_bbp_voice_count":0,"_bbp_anonymous_reply_count":0,"_bbp_topic_count_hidden":0,"_bbp_reply_count_hidden":0,"_bbp_forum_subforum_count":0,"footnotes":""},"categories":[189],"tags":[183],"class_list":["post-1875","post","type-post","status-publish","format-standard","hentry","category-feina-fp","tag-fp"],"post_mailing_queue_ids":[],"_links":{"self":[{"href":"https:\/\/agora.xtec.cat\/ins-intermunicipal\/wp-json\/wp\/v2\/posts\/1875","targetHints":{"allow":["GET"]}}],"collection":[{"href":"https:\/\/agora.xtec.cat\/ins-intermunicipal\/wp-json\/wp\/v2\/posts"}],"about":[{"href":"https:\/\/agora.xtec.cat\/ins-intermunicipal\/wp-json\/wp\/v2\/types\/post"}],"author":[{"embeddable":true,"href":"https:\/\/agora.xtec.cat\/ins-intermunicipal\/wp-json\/wp\/v2\/users\/8"}],"replies":[{"embeddable":true,"href":"https:\/\/agora.xtec.cat\/ins-intermunicipal\/wp-json\/wp\/v2\/comments?post=1875"}],"version-history":[{"count":2,"href":"https:\/\/agora.xtec.cat\/ins-intermunicipal\/wp-json\/wp\/v2\/posts\/1875\/revisions"}],"predecessor-version":[{"id":1878,"href":"https:\/\/agora.xtec.cat\/ins-intermunicipal\/wp-json\/wp\/v2\/posts\/1875\/revisions\/1878"}],"wp:attachment":[{"href":"https:\/\/agora.xtec.cat\/ins-intermunicipal\/wp-json\/wp\/v2\/media?parent=1875"}],"wp:term":[{"taxonomy":"category","embeddable":true,"href":"https:\/\/agora.xtec.cat\/ins-intermunicipal\/wp-json\/wp\/v2\/categories?post=1875"},{"taxonomy":"post_tag","embeddable":true,"href":"https:\/\/agora.xtec.cat\/ins-intermunicipal\/wp-json\/wp\/v2\/tags?post=1875"}],"curies":[{"name":"wp","href":"https:\/\/api.w.org\/{rel}","templated":true}]}}