{"id":1868,"date":"2024-02-27T08:55:03","date_gmt":"2024-02-27T07:55:03","guid":{"rendered":"https:\/\/agora.xtec.cat\/ins-intermunicipal\/?p=1868"},"modified":"2024-02-27T08:56:24","modified_gmt":"2024-02-27T07:56:24","slug":"jornada-de-portes-obertes-per-eso","status":"publish","type":"post","link":"https:\/\/agora.xtec.cat\/ins-intermunicipal\/general\/jornada-de-portes-obertes-per-eso\/","title":{"rendered":"29 de febrer, Jornada de Portes Obertes d&#8217;ESO"},"content":{"rendered":"<p style=\"text-align: justify;\"><a href=\"https:\/\/agora.xtec.cat\/ins-intermunicipal\/wp-content\/uploads\/usu2220\/2024\/01\/Portes-Obertes-ESO_page-0001-1.jpg\"><img loading=\"lazy\" decoding=\"async\" class=\"alignleft wp-image-1867\" src=\"https:\/\/agora.xtec.cat\/ins-intermunicipal\/wp-content\/uploads\/usu2220\/2024\/01\/Portes-Obertes-ESO_page-0001-1-725x1024.jpg\" alt=\"\" width=\"400\" height=\"565\" srcset=\"https:\/\/agora.xtec.cat\/ins-intermunicipal\/wp-content\/uploads\/usu2220\/2024\/01\/Portes-Obertes-ESO_page-0001-1-725x1024.jpg 725w, https:\/\/agora.xtec.cat\/ins-intermunicipal\/wp-content\/uploads\/usu2220\/2024\/01\/Portes-Obertes-ESO_page-0001-1-212x300.jpg 212w, https:\/\/agora.xtec.cat\/ins-intermunicipal\/wp-content\/uploads\/usu2220\/2024\/01\/Portes-Obertes-ESO_page-0001-1-768x1085.jpg 768w, https:\/\/agora.xtec.cat\/ins-intermunicipal\/wp-content\/uploads\/usu2220\/2024\/01\/Portes-Obertes-ESO_page-0001-1.jpg 900w\" sizes=\"auto, (max-width: 400px) 100vw, 400px\" \/><\/a>El proper dijous <strong>29 de febrer <\/strong>es far\u00e0 la <strong>Jornada de Portes Obertes d&#8217;ESO <\/strong>a l&#8217;Institut Intermunicipal del Pened\u00e8s. Hi haur\u00e0 un primer torn de presentaci\u00f3 a les 17:30h i un altre a les 18:30h per qui no hagi pogut assistir al primer. Tamb\u00e9 hi haur\u00e0 dos torns de visites guiades, concretament a les 18:30h i a les 19:30h.<\/p>\n<p style=\"text-align: justify;\">Al cartell adjunt hi trobareu la informaci\u00f3 necess\u00e0ria i els horaris. Recordeu que la jornada \u00e9s oberta per a tothom qui vulgui con\u00e8ixer el funcionament de l&#8217;ESO al nostre centre, per\u00f2 per tal de poder organitzar millor la vostra visita us demanem que cliqueu <a href=\"https:\/\/docs.google.com\/forms\/d\/e\/1FAIpQLSe3Jhwkhbuh5ZCSwi-D7AEvcSvAfXWbIWFBCpQu0X1RqWDaoQ\/viewform?usp=sf_link\" target=\"_blank\" rel=\"noopener\"><b>aquest enlla\u00e7<\/b><\/a> i ompliu el formulari que se us desplegar\u00e0. Us esperem a l\u2019\u00cdnter!<\/p>\n","protected":false},"excerpt":{"rendered":"<p><a href=\"https:\/\/agora.xtec.cat\/ins-intermunicipal\/wp-content\/uploads\/usu2220\/2024\/01\/Portes-Obertes-ESO_page-0001-1.jpg\"><\/a>El proper dijous 29 de febrer es far\u00e0 la Jornada de Portes Obertes d&#8217;ESO a l&#8217;Institut Intermunicipal del Pened\u00e8s. Hi haur\u00e0 un primer torn de presentaci\u00f3 a les 17:30h i un altre a les 18:30h per qui no hagi pogut assistir al primer. Tamb\u00e9&hellip;  <a href=\"https:\/\/agora.xtec.cat\/ins-intermunicipal\/general\/jornada-de-portes-obertes-per-eso\/\" title=\"Read 29 de febrer, Jornada de Portes Obertes d&#8217;ESO\">Llegeix m\u00e9s\u00bb<\/a><\/p>\n","protected":false},"author":7,"featured_media":1885,"comment_status":"closed","ping_status":"closed","sticky":false,"template":"","format":"standard","meta":{"_bbp_topic_count":0,"_bbp_reply_count":0,"_bbp_total_topic_count":0,"_bbp_total_reply_count":0,"_bbp_voice_count":0,"_bbp_anonymous_reply_count":0,"_bbp_topic_count_hidden":0,"_bbp_reply_count_hidden":0,"_bbp_forum_subforum_count":0,"footnotes":""},"categories":[3,1,29],"tags":[220,169],"class_list":["post-1868","post","type-post","status-publish","format-standard","has-post-thumbnail","hentry","category-eso","category-general","category-portada","tag-eso","tag-portes-obertes"],"post_mailing_queue_ids":[],"_links":{"self":[{"href":"https:\/\/agora.xtec.cat\/ins-intermunicipal\/wp-json\/wp\/v2\/posts\/1868","targetHints":{"allow":["GET"]}}],"collection":[{"href":"https:\/\/agora.xtec.cat\/ins-intermunicipal\/wp-json\/wp\/v2\/posts"}],"about":[{"href":"https:\/\/agora.xtec.cat\/ins-intermunicipal\/wp-json\/wp\/v2\/types\/post"}],"author":[{"embeddable":true,"href":"https:\/\/agora.xtec.cat\/ins-intermunicipal\/wp-json\/wp\/v2\/users\/7"}],"replies":[{"embeddable":true,"href":"https:\/\/agora.xtec.cat\/ins-intermunicipal\/wp-json\/wp\/v2\/comments?post=1868"}],"version-history":[{"count":6,"href":"https:\/\/agora.xtec.cat\/ins-intermunicipal\/wp-json\/wp\/v2\/posts\/1868\/revisions"}],"predecessor-version":[{"id":1994,"href":"https:\/\/agora.xtec.cat\/ins-intermunicipal\/wp-json\/wp\/v2\/posts\/1868\/revisions\/1994"}],"wp:featuredmedia":[{"embeddable":true,"href":"https:\/\/agora.xtec.cat\/ins-intermunicipal\/wp-json\/wp\/v2\/media\/1885"}],"wp:attachment":[{"href":"https:\/\/agora.xtec.cat\/ins-intermunicipal\/wp-json\/wp\/v2\/media?parent=1868"}],"wp:term":[{"taxonomy":"category","embeddable":true,"href":"https:\/\/agora.xtec.cat\/ins-intermunicipal\/wp-json\/wp\/v2\/categories?post=1868"},{"taxonomy":"post_tag","embeddable":true,"href":"https:\/\/agora.xtec.cat\/ins-intermunicipal\/wp-json\/wp\/v2\/tags?post=1868"}],"curies":[{"name":"wp","href":"https:\/\/api.w.org\/{rel}","templated":true}]}}