{"id":1825,"date":"2024-01-17T11:23:02","date_gmt":"2024-01-17T10:23:02","guid":{"rendered":"https:\/\/agora.xtec.cat\/ins-intermunicipal\/?p=1825"},"modified":"2024-01-17T11:23:02","modified_gmt":"2024-01-17T10:23:02","slug":"sortida-al-banc-despanya-i-a-la-borsa-de-barcelona","status":"publish","type":"post","link":"https:\/\/agora.xtec.cat\/ins-intermunicipal\/general\/sortida-al-banc-despanya-i-a-la-borsa-de-barcelona\/","title":{"rendered":"Sortida al Banc d&#8217;Espanya i a la Borsa de Barcelona"},"content":{"rendered":"<p style=\"text-align: justify;\">Com a activitat complement\u00e0ria als continguts curriculars de les mat\u00e8ries d&#8217;Economia i de Funcionament de l&#8217;empresa, el passat dimecres 10 de gener els alumnes de 1r de batxillerat d&#8217;aquestes dues assignatures van poder visitar la sucursal del<a href=\"https:\/\/www.bde.es\/wbe\/es\/sobre-banco\/organizacion\/sucursales\/barcelona.html\" target=\"_blank\" rel=\"noopener\"> Banc d&#8217;Espanya a Barcelona<\/a> i, tamb\u00e9, la seu de la <a href=\"https:\/\/www.bolsasymercados.es\/bme-exchange\/ca\/Borsa-Barcelona\" target=\"_blank\" rel=\"noopener\">Borsa de Barcelona<\/a>. Durant les visites, els alumnes van poder escoltar de primera m\u00e0 quines s\u00f3n les funcions d&#8217;ambdues institucions i quin \u00e9s el seu paper en la societat.<\/p>\n<p><a href=\"https:\/\/agora.xtec.cat\/ins-intermunicipal\/wp-content\/uploads\/usu2220\/2024\/01\/20240110_133018.jpg\"><img loading=\"lazy\" decoding=\"async\" class=\"alignleft wp-image-1827 size-full\" src=\"https:\/\/agora.xtec.cat\/ins-intermunicipal\/wp-content\/uploads\/usu2220\/2024\/01\/20240110_133018.jpg\" alt=\"\" width=\"900\" height=\"506\" srcset=\"https:\/\/agora.xtec.cat\/ins-intermunicipal\/wp-content\/uploads\/usu2220\/2024\/01\/20240110_133018.jpg 900w, https:\/\/agora.xtec.cat\/ins-intermunicipal\/wp-content\/uploads\/usu2220\/2024\/01\/20240110_133018-300x169.jpg 300w, https:\/\/agora.xtec.cat\/ins-intermunicipal\/wp-content\/uploads\/usu2220\/2024\/01\/20240110_133018-768x432.jpg 768w\" sizes=\"auto, (max-width: 900px) 100vw, 900px\" \/><\/a><a href=\"https:\/\/agora.xtec.cat\/ins-intermunicipal\/wp-content\/uploads\/usu2220\/2024\/01\/Barcastockmarket.jpg\"><img loading=\"lazy\" decoding=\"async\" class=\"alignnone wp-image-1828 \" src=\"https:\/\/agora.xtec.cat\/ins-intermunicipal\/wp-content\/uploads\/usu2220\/2024\/01\/Barcastockmarket-300x225.jpg\" alt=\"\" width=\"442\" height=\"331\" srcset=\"https:\/\/agora.xtec.cat\/ins-intermunicipal\/wp-content\/uploads\/usu2220\/2024\/01\/Barcastockmarket-300x225.jpg 300w, https:\/\/agora.xtec.cat\/ins-intermunicipal\/wp-content\/uploads\/usu2220\/2024\/01\/Barcastockmarket-768x576.jpg 768w, https:\/\/agora.xtec.cat\/ins-intermunicipal\/wp-content\/uploads\/usu2220\/2024\/01\/Barcastockmarket-200x150.jpg 200w, https:\/\/agora.xtec.cat\/ins-intermunicipal\/wp-content\/uploads\/usu2220\/2024\/01\/Barcastockmarket.jpg 900w\" sizes=\"auto, (max-width: 442px) 100vw, 442px\" \/>\u00a0 \u00a0 <\/a><a href=\"https:\/\/agora.xtec.cat\/ins-intermunicipal\/wp-content\/uploads\/usu2220\/2024\/01\/11_Banc_dEspanya_pl_Catalunya_17_-_av._Portal_de_lAngel_Barcelona.jpg\"><img loading=\"lazy\" decoding=\"async\" class=\"alignnone wp-image-1826 \" src=\"https:\/\/agora.xtec.cat\/ins-intermunicipal\/wp-content\/uploads\/usu2220\/2024\/01\/11_Banc_dEspanya_pl_Catalunya_17_-_av._Portal_de_lAngel_Barcelona-300x225.jpg\" alt=\"\" width=\"439\" height=\"330\" srcset=\"https:\/\/agora.xtec.cat\/ins-intermunicipal\/wp-content\/uploads\/usu2220\/2024\/01\/11_Banc_dEspanya_pl_Catalunya_17_-_av._Portal_de_lAngel_Barcelona-300x225.jpg 300w, https:\/\/agora.xtec.cat\/ins-intermunicipal\/wp-content\/uploads\/usu2220\/2024\/01\/11_Banc_dEspanya_pl_Catalunya_17_-_av._Portal_de_lAngel_Barcelona-768x576.jpg 768w, https:\/\/agora.xtec.cat\/ins-intermunicipal\/wp-content\/uploads\/usu2220\/2024\/01\/11_Banc_dEspanya_pl_Catalunya_17_-_av._Portal_de_lAngel_Barcelona-200x150.jpg 200w, https:\/\/agora.xtec.cat\/ins-intermunicipal\/wp-content\/uploads\/usu2220\/2024\/01\/11_Banc_dEspanya_pl_Catalunya_17_-_av._Portal_de_lAngel_Barcelona.jpg 900w\" sizes=\"auto, (max-width: 439px) 100vw, 439px\" \/><\/a><\/p>\n<p>&nbsp;<\/p>\n<p>&nbsp;<\/p>\n","protected":false},"excerpt":{"rendered":"<p>Com a activitat complement\u00e0ria als continguts curriculars de les mat\u00e8ries d&#8217;Economia i de Funcionament de l&#8217;empresa, el passat dimecres 10 de gener els alumnes de 1r de batxillerat d&#8217;aquestes dues assignatures van poder visitar la sucursal del<a href=\"https:\/\/www.bde.es\/wbe\/es\/sobre-banco\/organizacion\/sucursales\/barcelona.html\" target=\"_blank\" rel=\"noopener\"> Banc d&#8217;Espanya a Barcelona<\/a> i,&hellip;  <a href=\"https:\/\/agora.xtec.cat\/ins-intermunicipal\/general\/sortida-al-banc-despanya-i-a-la-borsa-de-barcelona\/\" title=\"Read Sortida al Banc d&#8217;Espanya i a la Borsa de Barcelona\">Llegeix m\u00e9s\u00bb<\/a><\/p>\n","protected":false},"author":7,"featured_media":1828,"comment_status":"closed","ping_status":"closed","sticky":false,"template":"","format":"standard","meta":{"_bbp_topic_count":0,"_bbp_reply_count":0,"_bbp_total_topic_count":0,"_bbp_total_reply_count":0,"_bbp_voice_count":0,"_bbp_anonymous_reply_count":0,"_bbp_topic_count_hidden":0,"_bbp_reply_count_hidden":0,"_bbp_forum_subforum_count":0,"footnotes":""},"categories":[106,8,1,29],"tags":[313,312,310,311],"class_list":["post-1825","post","type-post","status-publish","format-standard","has-post-thumbnail","hentry","category-bat1","category-bat","category-general","category-portada","tag-banc-despanya","tag-borsa-de-barcelona","tag-economia","tag-funcionament-de-lempresa"],"post_mailing_queue_ids":[],"_links":{"self":[{"href":"https:\/\/agora.xtec.cat\/ins-intermunicipal\/wp-json\/wp\/v2\/posts\/1825","targetHints":{"allow":["GET"]}}],"collection":[{"href":"https:\/\/agora.xtec.cat\/ins-intermunicipal\/wp-json\/wp\/v2\/posts"}],"about":[{"href":"https:\/\/agora.xtec.cat\/ins-intermunicipal\/wp-json\/wp\/v2\/types\/post"}],"author":[{"embeddable":true,"href":"https:\/\/agora.xtec.cat\/ins-intermunicipal\/wp-json\/wp\/v2\/users\/7"}],"replies":[{"embeddable":true,"href":"https:\/\/agora.xtec.cat\/ins-intermunicipal\/wp-json\/wp\/v2\/comments?post=1825"}],"version-history":[{"count":4,"href":"https:\/\/agora.xtec.cat\/ins-intermunicipal\/wp-json\/wp\/v2\/posts\/1825\/revisions"}],"predecessor-version":[{"id":1832,"href":"https:\/\/agora.xtec.cat\/ins-intermunicipal\/wp-json\/wp\/v2\/posts\/1825\/revisions\/1832"}],"wp:featuredmedia":[{"embeddable":true,"href":"https:\/\/agora.xtec.cat\/ins-intermunicipal\/wp-json\/wp\/v2\/media\/1828"}],"wp:attachment":[{"href":"https:\/\/agora.xtec.cat\/ins-intermunicipal\/wp-json\/wp\/v2\/media?parent=1825"}],"wp:term":[{"taxonomy":"category","embeddable":true,"href":"https:\/\/agora.xtec.cat\/ins-intermunicipal\/wp-json\/wp\/v2\/categories?post=1825"},{"taxonomy":"post_tag","embeddable":true,"href":"https:\/\/agora.xtec.cat\/ins-intermunicipal\/wp-json\/wp\/v2\/tags?post=1825"}],"curies":[{"name":"wp","href":"https:\/\/api.w.org\/{rel}","templated":true}]}}