{"id":1796,"date":"2023-12-21T10:44:19","date_gmt":"2023-12-21T09:44:19","guid":{"rendered":"https:\/\/agora.xtec.cat\/ins-intermunicipal\/?p=1796"},"modified":"2023-12-21T10:44:19","modified_gmt":"2023-12-21T09:44:19","slug":"exit-de-participacio-a-la-campanya-de-donacio-de-sang-de-linter","status":"publish","type":"post","link":"https:\/\/agora.xtec.cat\/ins-intermunicipal\/general\/exit-de-participacio-a-la-campanya-de-donacio-de-sang-de-linter\/","title":{"rendered":"\u00c9xit de participaci\u00f3 a la campanya de donaci\u00f3 de sang de l&#8217;\u00cdnter"},"content":{"rendered":"<p><a href=\"https:\/\/agora.xtec.cat\/ins-intermunicipal\/wp-content\/uploads\/usu2220\/2023\/12\/WhatsApp-Image-2023-12-20-at-12.04.57.jpeg\"><img loading=\"lazy\" decoding=\"async\" class=\"size-medium wp-image-1798 alignright\" src=\"https:\/\/agora.xtec.cat\/ins-intermunicipal\/wp-content\/uploads\/usu2220\/2023\/12\/WhatsApp-Image-2023-12-20-at-12.04.57-300x225.jpeg\" alt=\"\" width=\"300\" height=\"225\" srcset=\"https:\/\/agora.xtec.cat\/ins-intermunicipal\/wp-content\/uploads\/usu2220\/2023\/12\/WhatsApp-Image-2023-12-20-at-12.04.57-300x225.jpeg 300w, https:\/\/agora.xtec.cat\/ins-intermunicipal\/wp-content\/uploads\/usu2220\/2023\/12\/WhatsApp-Image-2023-12-20-at-12.04.57-768x576.jpeg 768w, https:\/\/agora.xtec.cat\/ins-intermunicipal\/wp-content\/uploads\/usu2220\/2023\/12\/WhatsApp-Image-2023-12-20-at-12.04.57-200x150.jpeg 200w, https:\/\/agora.xtec.cat\/ins-intermunicipal\/wp-content\/uploads\/usu2220\/2023\/12\/WhatsApp-Image-2023-12-20-at-12.04.57.jpeg 1024w\" sizes=\"auto, (max-width: 300px) 100vw, 300px\" \/><\/a>L&#8217;equip del Banc de Sang va tancar dimarts la campanya de donaci\u00f3 de sang superant les dades de l&#8217;any passat. Al final de la jornada es va assolir un total de 64 donacions de les quals dues de moll d&#8217;os, per primera vegada, a l&#8217;\u00cdnter. Durant tota la tarda, la sala polivalent va ser un anar i venir de persones, una vuitantena, entre els quals hi havia tamb\u00e9 alumnes i docents, que van contribuir a la tradicional acci\u00f3 solid\u00e0ria que cada any organitza l&#8217;alumnat i l&#8217;equip docent d&#8217;FP.\u00a0 Alguns dels possibles donants no van poder acabar de ser-ho per diversos problemes de salut. Segons les dades facilitades per l&#8217;equip d&#8217;infermeria i medicina que va despla\u00e7ar-se fins Sant Sadurn\u00ed d&#8217;Anoia, fins a 186 pacients amb diverses patologies es podran beneficiar gr\u00e0cies al fet de donar sang al centre educatiu.<\/p>\n<p>Estenem el nostre agra\u00efment als organitzadors i a totes les persones que es van apropar, que van fer seu l&#8217;esl\u00f2gan de la campanya: Donar sang, dona vida.<\/p>\n","protected":false},"excerpt":{"rendered":"<p><a href=\"https:\/\/agora.xtec.cat\/ins-intermunicipal\/wp-content\/uploads\/usu2220\/2023\/12\/WhatsApp-Image-2023-12-20-at-12.04.57.jpeg\"><\/a>L&#8217;equip del Banc de Sang va tancar dimarts la campanya de donaci\u00f3 de sang superant les dades de l&#8217;any passat. Al final de la jornada es va assolir un total de 64 donacions de les quals dues de moll d&#8217;os, per primera vegada, a&hellip;  <a href=\"https:\/\/agora.xtec.cat\/ins-intermunicipal\/general\/exit-de-participacio-a-la-campanya-de-donacio-de-sang-de-linter\/\" title=\"Read \u00c9xit de participaci\u00f3 a la campanya de donaci\u00f3 de sang de l&#8217;\u00cdnter\">Llegeix m\u00e9s\u00bb<\/a><\/p>\n","protected":false},"author":8,"featured_media":1797,"comment_status":"closed","ping_status":"closed","sticky":false,"template":"","format":"standard","meta":{"_bbp_topic_count":0,"_bbp_reply_count":0,"_bbp_total_topic_count":0,"_bbp_total_reply_count":0,"_bbp_voice_count":0,"_bbp_anonymous_reply_count":0,"_bbp_topic_count_hidden":0,"_bbp_reply_count_hidden":0,"_bbp_forum_subforum_count":0,"footnotes":""},"categories":[30,1,29],"tags":[183],"class_list":["post-1796","post","type-post","status-publish","format-standard","has-post-thumbnail","hentry","category-formacio-professional","category-general","category-portada","tag-fp"],"post_mailing_queue_ids":[],"_links":{"self":[{"href":"https:\/\/agora.xtec.cat\/ins-intermunicipal\/wp-json\/wp\/v2\/posts\/1796","targetHints":{"allow":["GET"]}}],"collection":[{"href":"https:\/\/agora.xtec.cat\/ins-intermunicipal\/wp-json\/wp\/v2\/posts"}],"about":[{"href":"https:\/\/agora.xtec.cat\/ins-intermunicipal\/wp-json\/wp\/v2\/types\/post"}],"author":[{"embeddable":true,"href":"https:\/\/agora.xtec.cat\/ins-intermunicipal\/wp-json\/wp\/v2\/users\/8"}],"replies":[{"embeddable":true,"href":"https:\/\/agora.xtec.cat\/ins-intermunicipal\/wp-json\/wp\/v2\/comments?post=1796"}],"version-history":[{"count":1,"href":"https:\/\/agora.xtec.cat\/ins-intermunicipal\/wp-json\/wp\/v2\/posts\/1796\/revisions"}],"predecessor-version":[{"id":1799,"href":"https:\/\/agora.xtec.cat\/ins-intermunicipal\/wp-json\/wp\/v2\/posts\/1796\/revisions\/1799"}],"wp:featuredmedia":[{"embeddable":true,"href":"https:\/\/agora.xtec.cat\/ins-intermunicipal\/wp-json\/wp\/v2\/media\/1797"}],"wp:attachment":[{"href":"https:\/\/agora.xtec.cat\/ins-intermunicipal\/wp-json\/wp\/v2\/media?parent=1796"}],"wp:term":[{"taxonomy":"category","embeddable":true,"href":"https:\/\/agora.xtec.cat\/ins-intermunicipal\/wp-json\/wp\/v2\/categories?post=1796"},{"taxonomy":"post_tag","embeddable":true,"href":"https:\/\/agora.xtec.cat\/ins-intermunicipal\/wp-json\/wp\/v2\/tags?post=1796"}],"curies":[{"name":"wp","href":"https:\/\/api.w.org\/{rel}","templated":true}]}}