{"id":1677,"date":"2023-12-15T14:43:06","date_gmt":"2023-12-15T13:43:06","guid":{"rendered":"https:\/\/agora.xtec.cat\/ins-intermunicipal\/?p=1677"},"modified":"2023-12-15T18:27:02","modified_gmt":"2023-12-15T17:27:02","slug":"la-salut-mental-a-linter","status":"publish","type":"post","link":"https:\/\/agora.xtec.cat\/ins-intermunicipal\/general\/la-salut-mental-a-linter\/","title":{"rendered":"La salut mental a l&#8217;\u00cdnter"},"content":{"rendered":"<p>El Consell Nacional de la Joventut de Catalunya alertava, en el seu darrer informe, que ens trobem en una situaci\u00f3 &#8220;emerg\u00e8ncia juvenil&#8221; en mat\u00e8ria de salut mental. Segons expliquen en el seu <a href=\"https:\/\/cnjc.cat\/ca\/projecte\/la-situacio-de-la-salut-mental-en-el-jovent\">web<\/a>: un de cada set joves pateix un problema de salut mental. Les persones entre els 18 i els 34 anys s\u00f3n les que m\u00e9s visites fan a centres i serveis de salut mental i el su\u00efcidi s\u2019ha convertit en la primera causa de mort no natural entre les persones joves. A m\u00e9s a m\u00e9s, aquesta emerg\u00e8ncia tamb\u00e9 pateix un biaix de g\u00e8nere, i per cada home que pateix depressi\u00f3, per exemple, la pateixen dues dones joves.<\/p>\n<p><a href=\"https:\/\/agora.xtec.cat\/ins-intermunicipal\/wp-content\/uploads\/usu2220\/2023\/12\/1702647185050.jpg\"><img loading=\"lazy\" decoding=\"async\" class=\"size-medium wp-image-1679 alignright\" src=\"https:\/\/agora.xtec.cat\/ins-intermunicipal\/wp-content\/uploads\/usu2220\/2023\/12\/1702647185050-300x225.jpg\" alt=\"\" width=\"300\" height=\"225\" srcset=\"https:\/\/agora.xtec.cat\/ins-intermunicipal\/wp-content\/uploads\/usu2220\/2023\/12\/1702647185050-300x225.jpg 300w, https:\/\/agora.xtec.cat\/ins-intermunicipal\/wp-content\/uploads\/usu2220\/2023\/12\/1702647185050-1024x768.jpg 1024w, https:\/\/agora.xtec.cat\/ins-intermunicipal\/wp-content\/uploads\/usu2220\/2023\/12\/1702647185050-768x576.jpg 768w, https:\/\/agora.xtec.cat\/ins-intermunicipal\/wp-content\/uploads\/usu2220\/2023\/12\/1702647185050-1536x1152.jpg 1536w, https:\/\/agora.xtec.cat\/ins-intermunicipal\/wp-content\/uploads\/usu2220\/2023\/12\/1702647185050-200x150.jpg 200w, https:\/\/agora.xtec.cat\/ins-intermunicipal\/wp-content\/uploads\/usu2220\/2023\/12\/1702647185050.jpg 2048w\" sizes=\"auto, (max-width: 300px) 100vw, 300px\" \/><\/a>L&#8217;Institut Intermunicipal fa temps que treballa en la problem\u00e0tica i ha engegat diverses actuacions sense fer soroll i garantint al m\u00e0xim la confidencialitat. Iniciatives com ara la col\u00b7laboraci\u00f3 amb el CAP i amb diversos col\u00b7lectius, sessions individuals de contacte amb una psic\u00f2loga o la creaci\u00f3 de grups d&#8217;autoajuda en diverses patologies o tallers a les aules per parlar de la salut mental en s\u00f3n alguns exemples.<\/p>\n<p>La psic\u00f2loga Marina Ribes, de l&#8217;\u00cdndex de Sant Sadurn\u00ed d&#8217;Anoia, i l&#8217;educadora social Anna Segura, de l&#8217;assessoria de Benestar Emocional D-O\u00efdes han visitat aquestes setmanes les aules d&#8217;FP del centre per apropar conceptes b\u00e0sics a l&#8217;alumnat, qu\u00e8 vol dir salut mental i trencar t\u00f2pics i prejudicis. Com ens deien la Marina i l&#8217;Anna, s&#8217;associa popularment la salut mental amb termes negatius i no pas amb benestar. Ens van parlar dels factors de risc i protectors i ens van fer reflexionar a les aules.<\/p>\n<p>Seguim treballant amb silenci i amb els ulls ben oberts del que passa dins de l&#8217;Institut i fora.<\/p>\n<p>&nbsp;<\/p>\n","protected":false},"excerpt":{"rendered":"<p>El Consell Nacional de la Joventut de Catalunya alertava, en el seu darrer informe, que ens trobem en una situaci\u00f3 &#8220;emerg\u00e8ncia juvenil&#8221; en mat\u00e8ria de salut mental. Segons expliquen en el seu <a href=\"https:\/\/cnjc.cat\/ca\/projecte\/la-situacio-de-la-salut-mental-en-el-jovent\">web<\/a>: un de cada set joves pateix un problema de salut mental.&hellip;  <a href=\"https:\/\/agora.xtec.cat\/ins-intermunicipal\/general\/la-salut-mental-a-linter\/\" title=\"Read La salut mental a l&#8217;\u00cdnter\">Llegeix m\u00e9s\u00bb<\/a><\/p>\n","protected":false},"author":8,"featured_media":1678,"comment_status":"closed","ping_status":"closed","sticky":false,"template":"","format":"standard","meta":{"_bbp_topic_count":0,"_bbp_reply_count":0,"_bbp_total_topic_count":0,"_bbp_total_reply_count":0,"_bbp_voice_count":0,"_bbp_anonymous_reply_count":0,"_bbp_topic_count_hidden":0,"_bbp_reply_count_hidden":0,"_bbp_forum_subforum_count":0,"footnotes":""},"categories":[30,1,29],"tags":[183],"class_list":["post-1677","post","type-post","status-publish","format-standard","has-post-thumbnail","hentry","category-formacio-professional","category-general","category-portada","tag-fp"],"post_mailing_queue_ids":[],"_links":{"self":[{"href":"https:\/\/agora.xtec.cat\/ins-intermunicipal\/wp-json\/wp\/v2\/posts\/1677","targetHints":{"allow":["GET"]}}],"collection":[{"href":"https:\/\/agora.xtec.cat\/ins-intermunicipal\/wp-json\/wp\/v2\/posts"}],"about":[{"href":"https:\/\/agora.xtec.cat\/ins-intermunicipal\/wp-json\/wp\/v2\/types\/post"}],"author":[{"embeddable":true,"href":"https:\/\/agora.xtec.cat\/ins-intermunicipal\/wp-json\/wp\/v2\/users\/8"}],"replies":[{"embeddable":true,"href":"https:\/\/agora.xtec.cat\/ins-intermunicipal\/wp-json\/wp\/v2\/comments?post=1677"}],"version-history":[{"count":6,"href":"https:\/\/agora.xtec.cat\/ins-intermunicipal\/wp-json\/wp\/v2\/posts\/1677\/revisions"}],"predecessor-version":[{"id":1699,"href":"https:\/\/agora.xtec.cat\/ins-intermunicipal\/wp-json\/wp\/v2\/posts\/1677\/revisions\/1699"}],"wp:featuredmedia":[{"embeddable":true,"href":"https:\/\/agora.xtec.cat\/ins-intermunicipal\/wp-json\/wp\/v2\/media\/1678"}],"wp:attachment":[{"href":"https:\/\/agora.xtec.cat\/ins-intermunicipal\/wp-json\/wp\/v2\/media?parent=1677"}],"wp:term":[{"taxonomy":"category","embeddable":true,"href":"https:\/\/agora.xtec.cat\/ins-intermunicipal\/wp-json\/wp\/v2\/categories?post=1677"},{"taxonomy":"post_tag","embeddable":true,"href":"https:\/\/agora.xtec.cat\/ins-intermunicipal\/wp-json\/wp\/v2\/tags?post=1677"}],"curies":[{"name":"wp","href":"https:\/\/api.w.org\/{rel}","templated":true}]}}