{"id":1654,"date":"2024-01-14T18:21:10","date_gmt":"2024-01-14T17:21:10","guid":{"rendered":"https:\/\/agora.xtec.cat\/ins-intermunicipal\/?p=1654"},"modified":"2024-01-18T16:41:04","modified_gmt":"2024-01-18T15:41:04","slug":"creerla-es-creerla-es-projecta-a-linter","status":"publish","type":"post","link":"https:\/\/agora.xtec.cat\/ins-intermunicipal\/general\/creerla-es-creerla-es-projecta-a-linter\/","title":{"rendered":"&#8216;Quererla es crearla&#8217; es projecta a l&#8217;\u00cdnter"},"content":{"rendered":"<p><a href=\"https:\/\/agora.xtec.cat\/ins-intermunicipal\/wp-content\/uploads\/usu2220\/2023\/12\/Cartell_Quererla_es_Crearla-1.png\"><img loading=\"lazy\" decoding=\"async\" class=\"size-large wp-image-1810 alignright\" src=\"https:\/\/agora.xtec.cat\/ins-intermunicipal\/wp-content\/uploads\/usu2220\/2023\/12\/Cartell_Quererla_es_Crearla-1-793x1024.png\" alt=\"\" width=\"793\" height=\"1024\" srcset=\"https:\/\/agora.xtec.cat\/ins-intermunicipal\/wp-content\/uploads\/usu2220\/2023\/12\/Cartell_Quererla_es_Crearla-1-793x1024.png 793w, https:\/\/agora.xtec.cat\/ins-intermunicipal\/wp-content\/uploads\/usu2220\/2023\/12\/Cartell_Quererla_es_Crearla-1-232x300.png 232w, https:\/\/agora.xtec.cat\/ins-intermunicipal\/wp-content\/uploads\/usu2220\/2023\/12\/Cartell_Quererla_es_Crearla-1-768x991.png 768w, https:\/\/agora.xtec.cat\/ins-intermunicipal\/wp-content\/uploads\/usu2220\/2023\/12\/Cartell_Quererla_es_Crearla-1.png 1000w\" sizes=\"auto, (max-width: 793px) 100vw, 793px\" \/><\/a>El pr\u00f2xim 24 de gener se celebra el Dia Internacional de l&#8217;Educaci\u00f3. La commemoraci\u00f3, impulsada per l&#8217;ONU el 2018, destaca, en cada edici\u00f3, el paper clau que t\u00e9 l&#8217;Educaci\u00f3 en la construcci\u00f3 de les societats al m\u00f3n i posa \u00e8mfasi en el fet que ha d&#8217;estar basada en el respecte dels drets humans i en la promoci\u00f3 de la llibertat i la toler\u00e0ncia. Per tant, no es pot entendre una Educaci\u00f3 que no sigui integradora, inclusiva, equitativa i per a tothom.<\/p>\n<p>Per tal de veure les difer\u00e8ncies que hi ha entre els conceptes integraci\u00f3 i inclusi\u00f3 i generar debat entre l&#8217;alumnat, l&#8217;equip d&#8217;Orientaci\u00f3 Educativa ha preparat per al pr\u00f2xim 25 de gener la projecci\u00f3 del documental <a href=\"https:\/\/creemoseducacioninclusiva.uma.es\/w\/kCmoQVU3roBPYnBjTW9aC8\">Quererla es crearla<\/a> a les aules del CFGS d&#8217;Integraci\u00f3 Social i del CFGS d&#8217;Educaci\u00f3 Infantil. El documental, dirigit per Cecilia Barriga sota l&#8217;empara de la facultat de Ci\u00e8ncies de l&#8217;Educaci\u00f3 de la Universitat de M\u00e1laga, es va gestar a partir del projecte de recerca de la Universitat de M\u00e0laga &#8220;Narratives emergents sobre l&#8217;escola inclusiva des del Model Social de la Discapacitat. Resist\u00e8ncia, resili\u00e8ncia i canvi social\u201d. El projecte, finan\u00e7at pel <em>Ministerio de Ciencia e Innovaci\u00f3n<\/em>, va comen\u00e7ar el 2018 impulsat pel Pla Propi de Recerca i continua actualment com a projecte del Pla Nacional.<\/p>\n<p>&nbsp;<\/p>\n<p>&nbsp;<\/p>\n<p>&nbsp;<\/p>\n","protected":false},"excerpt":{"rendered":"<p><a href=\"https:\/\/agora.xtec.cat\/ins-intermunicipal\/wp-content\/uploads\/usu2220\/2023\/12\/Cartell_Quererla_es_Crearla-1.png\"><\/a>El pr\u00f2xim 24 de gener se celebra el Dia Internacional de l&#8217;Educaci\u00f3. La commemoraci\u00f3, impulsada per l&#8217;ONU el 2018, destaca, en cada edici\u00f3, el paper clau que t\u00e9 l&#8217;Educaci\u00f3 en la construcci\u00f3 de les societats al m\u00f3n i posa \u00e8mfasi en el fet que&hellip;  <a href=\"https:\/\/agora.xtec.cat\/ins-intermunicipal\/general\/creerla-es-creerla-es-projecta-a-linter\/\" title=\"Read &#8216;Quererla es crearla&#8217; es projecta a l&#8217;\u00cdnter\">Llegeix m\u00e9s\u00bb<\/a><\/p>\n","protected":false},"author":8,"featured_media":1665,"comment_status":"closed","ping_status":"closed","sticky":false,"template":"","format":"standard","meta":{"_bbp_topic_count":0,"_bbp_reply_count":0,"_bbp_total_topic_count":0,"_bbp_total_reply_count":0,"_bbp_voice_count":0,"_bbp_anonymous_reply_count":0,"_bbp_topic_count_hidden":0,"_bbp_reply_count_hidden":0,"_bbp_forum_subforum_count":0,"footnotes":""},"categories":[30,1,29],"tags":[252,263],"class_list":["post-1654","post","type-post","status-publish","format-standard","has-post-thumbnail","hentry","category-formacio-professional","category-general","category-portada","tag-cfgs-deducacio-infantil","tag-cfgs-dintegracio-social"],"post_mailing_queue_ids":[],"_links":{"self":[{"href":"https:\/\/agora.xtec.cat\/ins-intermunicipal\/wp-json\/wp\/v2\/posts\/1654","targetHints":{"allow":["GET"]}}],"collection":[{"href":"https:\/\/agora.xtec.cat\/ins-intermunicipal\/wp-json\/wp\/v2\/posts"}],"about":[{"href":"https:\/\/agora.xtec.cat\/ins-intermunicipal\/wp-json\/wp\/v2\/types\/post"}],"author":[{"embeddable":true,"href":"https:\/\/agora.xtec.cat\/ins-intermunicipal\/wp-json\/wp\/v2\/users\/8"}],"replies":[{"embeddable":true,"href":"https:\/\/agora.xtec.cat\/ins-intermunicipal\/wp-json\/wp\/v2\/comments?post=1654"}],"version-history":[{"count":6,"href":"https:\/\/agora.xtec.cat\/ins-intermunicipal\/wp-json\/wp\/v2\/posts\/1654\/revisions"}],"predecessor-version":[{"id":1811,"href":"https:\/\/agora.xtec.cat\/ins-intermunicipal\/wp-json\/wp\/v2\/posts\/1654\/revisions\/1811"}],"wp:featuredmedia":[{"embeddable":true,"href":"https:\/\/agora.xtec.cat\/ins-intermunicipal\/wp-json\/wp\/v2\/media\/1665"}],"wp:attachment":[{"href":"https:\/\/agora.xtec.cat\/ins-intermunicipal\/wp-json\/wp\/v2\/media?parent=1654"}],"wp:term":[{"taxonomy":"category","embeddable":true,"href":"https:\/\/agora.xtec.cat\/ins-intermunicipal\/wp-json\/wp\/v2\/categories?post=1654"},{"taxonomy":"post_tag","embeddable":true,"href":"https:\/\/agora.xtec.cat\/ins-intermunicipal\/wp-json\/wp\/v2\/tags?post=1654"}],"curies":[{"name":"wp","href":"https:\/\/api.w.org\/{rel}","templated":true}]}}