{"id":1607,"date":"2023-12-13T17:09:18","date_gmt":"2023-12-13T16:09:18","guid":{"rendered":"https:\/\/agora.xtec.cat\/ins-intermunicipal\/?p=1607"},"modified":"2023-12-13T18:09:06","modified_gmt":"2023-12-13T17:09:06","slug":"descobrint-el-cooperatisme-i-el-consum-responsable-a-laula","status":"publish","type":"post","link":"https:\/\/agora.xtec.cat\/ins-intermunicipal\/general\/descobrint-el-cooperatisme-i-el-consum-responsable-a-laula\/","title":{"rendered":"Descobrint el cooperativisme i el consum responsable a l&#8217;aula"},"content":{"rendered":"<p><a href=\"https:\/\/agora.xtec.cat\/ins-intermunicipal\/wp-content\/uploads\/usu2220\/2023\/12\/1702481981059.jpg\"><img loading=\"lazy\" decoding=\"async\" class=\"size-medium wp-image-1608 alignright\" src=\"https:\/\/agora.xtec.cat\/ins-intermunicipal\/wp-content\/uploads\/usu2220\/2023\/12\/1702481981059-300x225.jpg\" alt=\"\" width=\"300\" height=\"225\" srcset=\"https:\/\/agora.xtec.cat\/ins-intermunicipal\/wp-content\/uploads\/usu2220\/2023\/12\/1702481981059-300x225.jpg 300w, https:\/\/agora.xtec.cat\/ins-intermunicipal\/wp-content\/uploads\/usu2220\/2023\/12\/1702481981059-1024x768.jpg 1024w, https:\/\/agora.xtec.cat\/ins-intermunicipal\/wp-content\/uploads\/usu2220\/2023\/12\/1702481981059-768x576.jpg 768w, https:\/\/agora.xtec.cat\/ins-intermunicipal\/wp-content\/uploads\/usu2220\/2023\/12\/1702481981059-1536x1152.jpg 1536w, https:\/\/agora.xtec.cat\/ins-intermunicipal\/wp-content\/uploads\/usu2220\/2023\/12\/1702481981059-200x150.jpg 200w, https:\/\/agora.xtec.cat\/ins-intermunicipal\/wp-content\/uploads\/usu2220\/2023\/12\/1702481981059.jpg 1632w\" sizes=\"auto, (max-width: 300px) 100vw, 300px\" \/><\/a>Guillem Bau, un dels membres de l&#8217;equip de Coopset\u00e0nia, ha visitat aquesta setmana l&#8217;aula del CFGS d&#8217;Integraci\u00f3 Social de primer curs per presentar l&#8217;Ateneu, difondre el moviment i parlar de l&#8217;economia social i solid\u00e0ria, ESS. Coopset\u00e0nia \u00e9s l\u2019Ateneu Cooperatiu de l\u2019Alt Pened\u00e8s, Baix Pened\u00e8s, Anoia i Garraf, que t\u00e9 per objectiu promoure, enfortir i promocionar l\u2019ESS i les cooperatives als municipis del territori. Durant la xerrada, l&#8217;alumnat va descobrir les difer\u00e8ncies entre les empreses i les cooperatives, els col\u00b7lectius que treballen a la comarca de l&#8217;Alt Pened\u00e8s i el poder que tenen com a consumidors per fomentar la producci\u00f3 de b\u00e9ns i serveis de forma responsable.<\/p>\n<p>Gr\u00e0cies, Guillem, per la teva visita.<\/p>\n","protected":false},"excerpt":{"rendered":"<p><a href=\"https:\/\/agora.xtec.cat\/ins-intermunicipal\/wp-content\/uploads\/usu2220\/2023\/12\/1702481981059.jpg\"><\/a>Guillem Bau, un dels membres de l&#8217;equip de Coopset\u00e0nia, ha visitat aquesta setmana l&#8217;aula del CFGS d&#8217;Integraci\u00f3 Social de primer curs per presentar l&#8217;Ateneu, difondre el moviment i parlar de l&#8217;economia social i solid\u00e0ria, ESS. Coopset\u00e0nia \u00e9s l\u2019Ateneu Cooperatiu de l\u2019Alt Pened\u00e8s, Baix Pened\u00e8s,&hellip;  <a href=\"https:\/\/agora.xtec.cat\/ins-intermunicipal\/general\/descobrint-el-cooperatisme-i-el-consum-responsable-a-laula\/\" title=\"Read Descobrint el cooperativisme i el consum responsable a l&#8217;aula\">Llegeix m\u00e9s\u00bb<\/a><\/p>\n","protected":false},"author":8,"featured_media":1609,"comment_status":"closed","ping_status":"closed","sticky":false,"template":"","format":"standard","meta":{"_bbp_topic_count":0,"_bbp_reply_count":0,"_bbp_total_topic_count":0,"_bbp_total_reply_count":0,"_bbp_voice_count":0,"_bbp_anonymous_reply_count":0,"_bbp_topic_count_hidden":0,"_bbp_reply_count_hidden":0,"_bbp_forum_subforum_count":0,"footnotes":""},"categories":[30,1,29],"tags":[263,183],"class_list":["post-1607","post","type-post","status-publish","format-standard","has-post-thumbnail","hentry","category-formacio-professional","category-general","category-portada","tag-cfgs-dintegracio-social","tag-fp"],"post_mailing_queue_ids":[],"_links":{"self":[{"href":"https:\/\/agora.xtec.cat\/ins-intermunicipal\/wp-json\/wp\/v2\/posts\/1607","targetHints":{"allow":["GET"]}}],"collection":[{"href":"https:\/\/agora.xtec.cat\/ins-intermunicipal\/wp-json\/wp\/v2\/posts"}],"about":[{"href":"https:\/\/agora.xtec.cat\/ins-intermunicipal\/wp-json\/wp\/v2\/types\/post"}],"author":[{"embeddable":true,"href":"https:\/\/agora.xtec.cat\/ins-intermunicipal\/wp-json\/wp\/v2\/users\/8"}],"replies":[{"embeddable":true,"href":"https:\/\/agora.xtec.cat\/ins-intermunicipal\/wp-json\/wp\/v2\/comments?post=1607"}],"version-history":[{"count":3,"href":"https:\/\/agora.xtec.cat\/ins-intermunicipal\/wp-json\/wp\/v2\/posts\/1607\/revisions"}],"predecessor-version":[{"id":1612,"href":"https:\/\/agora.xtec.cat\/ins-intermunicipal\/wp-json\/wp\/v2\/posts\/1607\/revisions\/1612"}],"wp:featuredmedia":[{"embeddable":true,"href":"https:\/\/agora.xtec.cat\/ins-intermunicipal\/wp-json\/wp\/v2\/media\/1609"}],"wp:attachment":[{"href":"https:\/\/agora.xtec.cat\/ins-intermunicipal\/wp-json\/wp\/v2\/media?parent=1607"}],"wp:term":[{"taxonomy":"category","embeddable":true,"href":"https:\/\/agora.xtec.cat\/ins-intermunicipal\/wp-json\/wp\/v2\/categories?post=1607"},{"taxonomy":"post_tag","embeddable":true,"href":"https:\/\/agora.xtec.cat\/ins-intermunicipal\/wp-json\/wp\/v2\/tags?post=1607"}],"curies":[{"name":"wp","href":"https:\/\/api.w.org\/{rel}","templated":true}]}}