{"id":1596,"date":"2023-12-13T16:14:55","date_gmt":"2023-12-13T15:14:55","guid":{"rendered":"https:\/\/agora.xtec.cat\/ins-intermunicipal\/?p=1596"},"modified":"2023-12-13T16:28:04","modified_gmt":"2023-12-13T15:28:04","slug":"visita-del-cfgs-deducacio-infantil-a-lespurna","status":"publish","type":"post","link":"https:\/\/agora.xtec.cat\/ins-intermunicipal\/general\/visita-del-cfgs-deducacio-infantil-a-lespurna\/","title":{"rendered":"Visita del CFGS d&#8217;Educaci\u00f3 Infantil a l&#8217;Espurna"},"content":{"rendered":"<p>L&#8217;alumnat de 1r curs del CFGS d&#8217;Educaci\u00f3 infantil, va visitar el dimarts 12 de desembre, l&#8217;escola bressol municipal l&#8217;Espurna de Sant Sadurn\u00ed d&#8217;Anoia. Va ser la primera visita de l&#8217;alumnat a un centre educatiu formal 0 &#8211; 3 anys, on van poder observar i recon\u00e8ixer aspectes organitzatius treballats a classe. L&#8217;Espurna, des de sempre, ha estat un centre acollidor de pr\u00e0ctiques del cicle.<\/p>\n<p>Gr\u00e0cies, Espurna!<\/p>\n<p><a href=\"https:\/\/agora.xtec.cat\/ins-intermunicipal\/wp-content\/uploads\/usu2220\/2023\/12\/Imatge-de-WhatsApp-2023-12-13-a-les-16.24.34_b9060377.jpg\"><img loading=\"lazy\" decoding=\"async\" class=\"alignnone size-large wp-image-1604\" src=\"https:\/\/agora.xtec.cat\/ins-intermunicipal\/wp-content\/uploads\/usu2220\/2023\/12\/Imatge-de-WhatsApp-2023-12-13-a-les-16.24.34_b9060377-1024x1024.jpg\" alt=\"\" width=\"1024\" height=\"1024\" srcset=\"https:\/\/agora.xtec.cat\/ins-intermunicipal\/wp-content\/uploads\/usu2220\/2023\/12\/Imatge-de-WhatsApp-2023-12-13-a-les-16.24.34_b9060377-1024x1024.jpg 1024w, https:\/\/agora.xtec.cat\/ins-intermunicipal\/wp-content\/uploads\/usu2220\/2023\/12\/Imatge-de-WhatsApp-2023-12-13-a-les-16.24.34_b9060377-300x300.jpg 300w, https:\/\/agora.xtec.cat\/ins-intermunicipal\/wp-content\/uploads\/usu2220\/2023\/12\/Imatge-de-WhatsApp-2023-12-13-a-les-16.24.34_b9060377-150x150.jpg 150w, https:\/\/agora.xtec.cat\/ins-intermunicipal\/wp-content\/uploads\/usu2220\/2023\/12\/Imatge-de-WhatsApp-2023-12-13-a-les-16.24.34_b9060377-768x768.jpg 768w, https:\/\/agora.xtec.cat\/ins-intermunicipal\/wp-content\/uploads\/usu2220\/2023\/12\/Imatge-de-WhatsApp-2023-12-13-a-les-16.24.34_b9060377-1536x1536.jpg 1536w, https:\/\/agora.xtec.cat\/ins-intermunicipal\/wp-content\/uploads\/usu2220\/2023\/12\/Imatge-de-WhatsApp-2023-12-13-a-les-16.24.34_b9060377.jpg 2048w\" sizes=\"auto, (max-width: 1024px) 100vw, 1024px\" \/><\/a><\/p>\n","protected":false},"excerpt":{"rendered":"<p>L&#8217;alumnat de 1r curs del CFGS d&#8217;Educaci\u00f3 infantil, va visitar el dimarts 12 de desembre, l&#8217;escola bressol municipal l&#8217;Espurna de Sant Sadurn\u00ed d&#8217;Anoia. Va ser la primera visita de l&#8217;alumnat a un centre educatiu formal 0 &#8211; 3 anys, on van poder observar i recon\u00e8ixer&hellip;  <a href=\"https:\/\/agora.xtec.cat\/ins-intermunicipal\/general\/visita-del-cfgs-deducacio-infantil-a-lespurna\/\" title=\"Read Visita del CFGS d&#8217;Educaci\u00f3 Infantil a l&#8217;Espurna\">Llegeix m\u00e9s\u00bb<\/a><\/p>\n","protected":false},"author":8,"featured_media":1606,"comment_status":"closed","ping_status":"closed","sticky":false,"template":"","format":"standard","meta":{"_bbp_topic_count":0,"_bbp_reply_count":0,"_bbp_total_topic_count":0,"_bbp_total_reply_count":0,"_bbp_voice_count":0,"_bbp_anonymous_reply_count":0,"_bbp_topic_count_hidden":0,"_bbp_reply_count_hidden":0,"_bbp_forum_subforum_count":0,"footnotes":""},"categories":[30,1,29],"tags":[252],"class_list":["post-1596","post","type-post","status-publish","format-standard","has-post-thumbnail","hentry","category-formacio-professional","category-general","category-portada","tag-cfgs-deducacio-infantil"],"post_mailing_queue_ids":[],"_links":{"self":[{"href":"https:\/\/agora.xtec.cat\/ins-intermunicipal\/wp-json\/wp\/v2\/posts\/1596","targetHints":{"allow":["GET"]}}],"collection":[{"href":"https:\/\/agora.xtec.cat\/ins-intermunicipal\/wp-json\/wp\/v2\/posts"}],"about":[{"href":"https:\/\/agora.xtec.cat\/ins-intermunicipal\/wp-json\/wp\/v2\/types\/post"}],"author":[{"embeddable":true,"href":"https:\/\/agora.xtec.cat\/ins-intermunicipal\/wp-json\/wp\/v2\/users\/8"}],"replies":[{"embeddable":true,"href":"https:\/\/agora.xtec.cat\/ins-intermunicipal\/wp-json\/wp\/v2\/comments?post=1596"}],"version-history":[{"count":4,"href":"https:\/\/agora.xtec.cat\/ins-intermunicipal\/wp-json\/wp\/v2\/posts\/1596\/revisions"}],"predecessor-version":[{"id":1605,"href":"https:\/\/agora.xtec.cat\/ins-intermunicipal\/wp-json\/wp\/v2\/posts\/1596\/revisions\/1605"}],"wp:featuredmedia":[{"embeddable":true,"href":"https:\/\/agora.xtec.cat\/ins-intermunicipal\/wp-json\/wp\/v2\/media\/1606"}],"wp:attachment":[{"href":"https:\/\/agora.xtec.cat\/ins-intermunicipal\/wp-json\/wp\/v2\/media?parent=1596"}],"wp:term":[{"taxonomy":"category","embeddable":true,"href":"https:\/\/agora.xtec.cat\/ins-intermunicipal\/wp-json\/wp\/v2\/categories?post=1596"},{"taxonomy":"post_tag","embeddable":true,"href":"https:\/\/agora.xtec.cat\/ins-intermunicipal\/wp-json\/wp\/v2\/tags?post=1596"}],"curies":[{"name":"wp","href":"https:\/\/api.w.org\/{rel}","templated":true}]}}