{"id":1532,"date":"2023-12-01T18:45:45","date_gmt":"2023-12-01T17:45:45","guid":{"rendered":"https:\/\/agora.xtec.cat\/ins-intermunicipal\/?p=1532"},"modified":"2023-12-01T18:45:45","modified_gmt":"2023-12-01T17:45:45","slug":"premi-tenim-la-paraula-i-sessio-de-creacio-de-continguts-a-les-xarxes","status":"publish","type":"post","link":"https:\/\/agora.xtec.cat\/ins-intermunicipal\/general\/premi-tenim-la-paraula-i-sessio-de-creacio-de-continguts-a-les-xarxes\/","title":{"rendered":"Premi &#8216;Tenim la paraula&#8217; i sessi\u00f3 de creaci\u00f3 de continguts a les xarxes."},"content":{"rendered":"<p style=\"text-align: center;\"><iframe loading=\"lazy\" title=\"YouTube video player\" src=\"https:\/\/www.youtube.com\/embed\/X6CxEP6iLVU?si=wutu6vEYdyfkdwsd\" width=\"560\" height=\"315\" frameborder=\"0\" allowfullscreen=\"allowfullscreen\"><\/iframe><\/p>\n<p align=\"justify\">El curs passat, les alumnes Polina Murha, Zaira Portillo i Laia Soler de l&#8217;Aula d&#8217;Acollida, guiades per la seva tutora Maria Soldan, van participar al concurs <a href=\"https:\/\/xtec.gencat.cat\/ca\/centres\/premis-i-concursos\/concurs-jo-tinc-la-paraula\/\" target=\"_blank\" rel=\"noopener\">Tenim la paraula<\/a> i, amb un v\u00eddeo per treballar els elements d&#8217;una bona situaci\u00f3 comunicativa, van guanyar. Avui, divendres 1 de desembre, han rebut el premi amb tots els companys de l&#8217;Aula d&#8217;Acollida, amb la tutora actual, Neus Arnan, i amb la Montse L\u00f3pez, assessora LIC del Servei Educatiu de l&#8217;Alt Pened\u00e8s.<a href=\"https:\/\/agora.xtec.cat\/ins-intermunicipal\/wp-content\/uploads\/usu2220\/2023\/12\/IMG-20231201-WA0001.jpg\"><img loading=\"lazy\" decoding=\"async\" class=\" wp-image-1539 alignright\" src=\"https:\/\/agora.xtec.cat\/ins-intermunicipal\/wp-content\/uploads\/usu2220\/2023\/12\/IMG-20231201-WA0001-300x249.jpg\" alt=\"\" width=\"375\" height=\"311\" srcset=\"https:\/\/agora.xtec.cat\/ins-intermunicipal\/wp-content\/uploads\/usu2220\/2023\/12\/IMG-20231201-WA0001-300x250.jpg 300w, https:\/\/agora.xtec.cat\/ins-intermunicipal\/wp-content\/uploads\/usu2220\/2023\/12\/IMG-20231201-WA0001-1024x849.jpg 1024w, https:\/\/agora.xtec.cat\/ins-intermunicipal\/wp-content\/uploads\/usu2220\/2023\/12\/IMG-20231201-WA0001-768x637.jpg 768w, https:\/\/agora.xtec.cat\/ins-intermunicipal\/wp-content\/uploads\/usu2220\/2023\/12\/IMG-20231201-WA0001.jpg 1357w\" sizes=\"auto, (max-width: 375px) 100vw, 375px\" \/><\/a><\/p>\n<p align=\"justify\">A m\u00e9s, ens ha visitat a la biblioteca del centre la Gal\u00b7la Poch Castelltort, estudiant d&#8217;Humanitats a la UAB i, tamb\u00e9, creadora de continguts a les xarxes amb el p\u00f2dcast <a href=\"https:\/\/youtube.com\/playlist?list=PLji5z_fvwHvfDGOPUcIdVlZc4X8wYwHPx&amp;feature=shared\" target=\"_blank\" rel=\"noopener\">Sap greu tan<\/a><a href=\"https:\/\/youtube.com\/playlist?list=PLji5z_fvwHvfDGOPUcIdVlZc4X8wYwHPx&amp;feature=shared\" target=\"_blank\" rel=\"noopener\"> jove<\/a><strong>.<\/strong> La Gal\u00b7la Poch col\u00b7labora, a m\u00e9s, a Adolescents.cat, Naci\u00f3Digital i en altres esdeveniments com a youtuber i tikt\u00f2ker.<\/p>\n<p align=\"justify\">Durant la seva exposici\u00f3, ens ha explicat com es creen continguts efica\u00e7os a les xarxes, \u00e9s a dir, continguts que comuniquin b\u00e9 les idees tenint en compte aspectes com el gui\u00f3, el so, les imatges, el volum, els colors o el fons de pantalla. Finalment els nois i noies assistents a la xerrada han fet una pr\u00e0ctica consistent a crear el seu propi v\u00eddeo d&#8217;un minut de durada. Durant aquest proc\u00e9s, la Gal\u00b7la Poch els ha aconsellat i acompanyat.<\/p>\n<p align=\"justify\">Ha estat una sessi\u00f3 molt intensa i profitosa, durant la qual les guanyadores de <strong>Tenim la paraula<\/strong> del curs passat han compartit amb tot el grup un merescut premi.<\/p>\n<p align=\"justify\">\n","protected":false},"excerpt":{"rendered":"<p>El curs passat, les alumnes Polina Murha, Zaira Portillo i Laia Soler de l&#8217;Aula d&#8217;Acollida, guiades per la seva tutora Maria Soldan, van participar al concurs <a href=\"https:\/\/xtec.gencat.cat\/ca\/centres\/premis-i-concursos\/concurs-jo-tinc-la-paraula\/\" target=\"_blank\" rel=\"noopener\">Tenim la paraula<\/a> i, amb un v\u00eddeo per treballar els elements d&#8217;una bona situaci\u00f3 comunicativa, van&hellip;  <a href=\"https:\/\/agora.xtec.cat\/ins-intermunicipal\/general\/premi-tenim-la-paraula-i-sessio-de-creacio-de-continguts-a-les-xarxes\/\" title=\"Read Premi &#8216;Tenim la paraula&#8217; i sessi\u00f3 de creaci\u00f3 de continguts a les xarxes.\">Llegeix m\u00e9s\u00bb<\/a><\/p>\n","protected":false},"author":7,"featured_media":1538,"comment_status":"closed","ping_status":"closed","sticky":false,"template":"","format":"standard","meta":{"_bbp_topic_count":0,"_bbp_reply_count":0,"_bbp_total_topic_count":0,"_bbp_total_reply_count":0,"_bbp_voice_count":0,"_bbp_anonymous_reply_count":0,"_bbp_topic_count_hidden":0,"_bbp_reply_count_hidden":0,"_bbp_forum_subforum_count":0,"footnotes":""},"categories":[3,1,29],"tags":[161,287,285,283,286,227,284],"class_list":["post-1532","post","type-post","status-publish","format-standard","has-post-thumbnail","hentry","category-eso","category-general","category-portada","tag-aula-acollida","tag-galla-poch-castelltort","tag-laia-soler-la-paraula","tag-polina-murha","tag-sap-greu-tan-jove","tag-xarxes-socials","tag-zaira-portillo"],"post_mailing_queue_ids":[],"_links":{"self":[{"href":"https:\/\/agora.xtec.cat\/ins-intermunicipal\/wp-json\/wp\/v2\/posts\/1532","targetHints":{"allow":["GET"]}}],"collection":[{"href":"https:\/\/agora.xtec.cat\/ins-intermunicipal\/wp-json\/wp\/v2\/posts"}],"about":[{"href":"https:\/\/agora.xtec.cat\/ins-intermunicipal\/wp-json\/wp\/v2\/types\/post"}],"author":[{"embeddable":true,"href":"https:\/\/agora.xtec.cat\/ins-intermunicipal\/wp-json\/wp\/v2\/users\/7"}],"replies":[{"embeddable":true,"href":"https:\/\/agora.xtec.cat\/ins-intermunicipal\/wp-json\/wp\/v2\/comments?post=1532"}],"version-history":[{"count":6,"href":"https:\/\/agora.xtec.cat\/ins-intermunicipal\/wp-json\/wp\/v2\/posts\/1532\/revisions"}],"predecessor-version":[{"id":1545,"href":"https:\/\/agora.xtec.cat\/ins-intermunicipal\/wp-json\/wp\/v2\/posts\/1532\/revisions\/1545"}],"wp:featuredmedia":[{"embeddable":true,"href":"https:\/\/agora.xtec.cat\/ins-intermunicipal\/wp-json\/wp\/v2\/media\/1538"}],"wp:attachment":[{"href":"https:\/\/agora.xtec.cat\/ins-intermunicipal\/wp-json\/wp\/v2\/media?parent=1532"}],"wp:term":[{"taxonomy":"category","embeddable":true,"href":"https:\/\/agora.xtec.cat\/ins-intermunicipal\/wp-json\/wp\/v2\/categories?post=1532"},{"taxonomy":"post_tag","embeddable":true,"href":"https:\/\/agora.xtec.cat\/ins-intermunicipal\/wp-json\/wp\/v2\/tags?post=1532"}],"curies":[{"name":"wp","href":"https:\/\/api.w.org\/{rel}","templated":true}]}}