{"id":1504,"date":"2023-11-30T20:14:07","date_gmt":"2023-11-30T19:14:07","guid":{"rendered":"https:\/\/agora.xtec.cat\/ins-intermunicipal\/?p=1504"},"modified":"2023-11-30T20:14:07","modified_gmt":"2023-11-30T19:14:07","slug":"la-defensa-oral-del-projecte-cientific-de-1r-deso","status":"publish","type":"post","link":"https:\/\/agora.xtec.cat\/ins-intermunicipal\/general\/la-defensa-oral-del-projecte-cientific-de-1r-deso\/","title":{"rendered":"La defensa oral del Projecte Cient\u00edfic de 1r d&#8217;ESO"},"content":{"rendered":"<p align=\"justify\">El passat dimarts, 28 de novembre, es van dur a terme les defenses orals del projecte cient\u00edfic als grups de 1r E i F d&#8217;ESO. Aquestes defenses consistien en fer l&#8217;exposici\u00f3 de la investigaci\u00f3 duta a terme per cadascun dels 6 grups participants davant d\u2019un tribunal. Creiem essencial la participaci\u00f3 d\u2019alumnes, fam\u00edlies i docents, \u00e9s a dir, dels diversos sectors del teixit educatiu, en l&#8217;aprenentatge dels nostres alumnes a l\u2019hora de garantir un model d&#8217;\u00e8xit, per aix\u00f2 el tribunal estava format per docents, fam\u00edlies i alumnes de batxillerat de l&#8217;assignatura de F\u00edsica.<\/p>\n<p align=\"justify\">L&#8217;objectiu del projecte cient\u00edfic era la construcci\u00f3 d\u2019un b\u00f2lid amb una trampa per a rates com a motor i aconseguir que arrib\u00e9s el m\u00e9s lluny possible. Seguint els passos del m\u00e8tode cient\u00edfic, els alumnes havien de recollir <a href=\"https:\/\/agora.xtec.cat\/ins-intermunicipal\/wp-content\/uploads\/usu2220\/2023\/11\/image.png\"><img loading=\"lazy\" decoding=\"async\" class=\"wp-image-1506 alignright\" src=\"https:\/\/agora.xtec.cat\/ins-intermunicipal\/wp-content\/uploads\/usu2220\/2023\/11\/image-300x175.png\" alt=\"\" width=\"474\" height=\"276\" srcset=\"https:\/\/agora.xtec.cat\/ins-intermunicipal\/wp-content\/uploads\/usu2220\/2023\/11\/image-300x175.png 300w, https:\/\/agora.xtec.cat\/ins-intermunicipal\/wp-content\/uploads\/usu2220\/2023\/11\/image-768x448.png 768w, https:\/\/agora.xtec.cat\/ins-intermunicipal\/wp-content\/uploads\/usu2220\/2023\/11\/image.png 851w\" sizes=\"auto, (max-width: 474px) 100vw, 474px\" \/><\/a>dades, analitzar-les, pensar com podien millorar el b\u00f2lid i posar en pr\u00e0ctica les seves hip\u00f2tesis per valorar la seva veracitat. D&#8217;altra banda, tamb\u00e9 es treballaven habilitats personals, com l&#8217;organitzaci\u00f3 i el treball en equip.<\/p>\n<p align=\"justify\">La defensa de la investigaci\u00f3 cient\u00edfica va consistir en exposar els resultats obtinguts i les conclusions que se n\u2019hagin extret davant d\u2019un tribunal, que tenia com a funci\u00f3 revisar i validar tant els resultats com les conclusions. La revisi\u00f3 i validaci\u00f3 s\u00f3n una etapa fonamental del m\u00e8tode cient\u00edfic, ja que assegura l\u2019objectivitat de les conclusions i ens porta cap a nous coneixements i models m\u00e9s propers a la realitat. D\u2019altra banda, la transfer\u00e8ncia i comunicaci\u00f3 d\u2019aquests nous coneixements tamb\u00e9 forma part de la cultura democr\u00e0tica de la ci\u00e8ncia, ja que compartir nou coneixement \u00e9s fomentar l\u2019aven\u00e7 de la societat.<\/p>\n<p align=\"justify\">El paper del tribunal va consistir en revisar i validar tot all\u00f2 que s\u2019havia fet durant la investigaci\u00f3 mitjan\u00e7ant preguntes sobre la metodologia dels experiments, les dades obtingudes, els resultats o les conclusions.<\/p>\n<p align=\"justify\"><a href=\"https:\/\/agora.xtec.cat\/ins-intermunicipal\/wp-content\/uploads\/usu2220\/2023\/11\/Tribunal.jpeg\"><img loading=\"lazy\" decoding=\"async\" class=\"wp-image-1507 alignleft\" src=\"https:\/\/agora.xtec.cat\/ins-intermunicipal\/wp-content\/uploads\/usu2220\/2023\/11\/Tribunal-300x169.jpeg\" alt=\"\" width=\"442\" height=\"249\" srcset=\"https:\/\/agora.xtec.cat\/ins-intermunicipal\/wp-content\/uploads\/usu2220\/2023\/11\/Tribunal-300x169.jpeg 300w, https:\/\/agora.xtec.cat\/ins-intermunicipal\/wp-content\/uploads\/usu2220\/2023\/11\/Tribunal-1024x578.jpeg 1024w, https:\/\/agora.xtec.cat\/ins-intermunicipal\/wp-content\/uploads\/usu2220\/2023\/11\/Tribunal-768x433.jpeg 768w, https:\/\/agora.xtec.cat\/ins-intermunicipal\/wp-content\/uploads\/usu2220\/2023\/11\/Tribunal-1536x866.jpeg 1536w, https:\/\/agora.xtec.cat\/ins-intermunicipal\/wp-content\/uploads\/usu2220\/2023\/11\/Tribunal.jpeg 2048w\" sizes=\"auto, (max-width: 442px) 100vw, 442px\" \/><\/a>D\u2019altra banda, durant l\u2019execuci\u00f3 del projecte, l\u2019alumnat tamb\u00e9 va adquirir altres aprenentatges que no estan directament relacionats amb la ci\u00e8ncia, per\u00f2 que s\u00f3n igual d\u2019importants o m\u00e9s: el treball en equip, la gesti\u00f3 de les emocions, la metacognici\u00f3, la planificaci\u00f3 de les tasques i la gesti\u00f3 del temps, la creativitat i l\u2019autonomia. Per tant, el tribunal tamb\u00e9 va formular preguntes relacionades amb aquests aspectes, tant per fomentar la reflexi\u00f3 dels alumnes com perqu\u00e8 ells mateixos prenguessin consci\u00e8ncia de la import\u00e0ncia d\u2019aquests aprenentatges.<\/p>\n<p align=\"justify\">En la defensa, tothom va tenir el seu moment per intervenir i aix\u00ed dir-hi la seva i poder defensar el que havia fet i apr\u00e8s. Per aquest motiu, quan cada grup investigador va acabar la seva exposici\u00f3, hi va haver un torn de preguntes i respostes durant el qual cada integrant dels equips va respondre a una o dues de les preguntes preguntes formulades pels membres del tribunal.<\/p>\n","protected":false},"excerpt":{"rendered":"<p>El passat dimarts, 28 de novembre, es van dur a terme les defenses orals del projecte cient\u00edfic als grups de 1r E i F d&#8217;ESO. Aquestes defenses consistien en fer l&#8217;exposici\u00f3 de la investigaci\u00f3 duta a terme per cadascun dels 6 grups participants davant d\u2019un&hellip;  <a href=\"https:\/\/agora.xtec.cat\/ins-intermunicipal\/general\/la-defensa-oral-del-projecte-cientific-de-1r-deso\/\" title=\"Read La defensa oral del Projecte Cient\u00edfic de 1r d&#8217;ESO\">Llegeix m\u00e9s\u00bb<\/a><\/p>\n","protected":false},"author":7,"featured_media":1506,"comment_status":"closed","ping_status":"closed","sticky":false,"template":"","format":"standard","meta":{"_bbp_topic_count":0,"_bbp_reply_count":0,"_bbp_total_topic_count":0,"_bbp_total_reply_count":0,"_bbp_voice_count":0,"_bbp_anonymous_reply_count":0,"_bbp_topic_count_hidden":0,"_bbp_reply_count_hidden":0,"_bbp_forum_subforum_count":0,"footnotes":""},"categories":[4,3,1,29],"tags":[175,280,281],"class_list":["post-1504","post","type-post","status-publish","format-standard","has-post-thumbnail","hentry","category-1eso","category-eso","category-general","category-portada","tag-1eso","tag-projecte-cientific","tag-tribunal"],"post_mailing_queue_ids":[],"_links":{"self":[{"href":"https:\/\/agora.xtec.cat\/ins-intermunicipal\/wp-json\/wp\/v2\/posts\/1504","targetHints":{"allow":["GET"]}}],"collection":[{"href":"https:\/\/agora.xtec.cat\/ins-intermunicipal\/wp-json\/wp\/v2\/posts"}],"about":[{"href":"https:\/\/agora.xtec.cat\/ins-intermunicipal\/wp-json\/wp\/v2\/types\/post"}],"author":[{"embeddable":true,"href":"https:\/\/agora.xtec.cat\/ins-intermunicipal\/wp-json\/wp\/v2\/users\/7"}],"replies":[{"embeddable":true,"href":"https:\/\/agora.xtec.cat\/ins-intermunicipal\/wp-json\/wp\/v2\/comments?post=1504"}],"version-history":[{"count":6,"href":"https:\/\/agora.xtec.cat\/ins-intermunicipal\/wp-json\/wp\/v2\/posts\/1504\/revisions"}],"predecessor-version":[{"id":1518,"href":"https:\/\/agora.xtec.cat\/ins-intermunicipal\/wp-json\/wp\/v2\/posts\/1504\/revisions\/1518"}],"wp:featuredmedia":[{"embeddable":true,"href":"https:\/\/agora.xtec.cat\/ins-intermunicipal\/wp-json\/wp\/v2\/media\/1506"}],"wp:attachment":[{"href":"https:\/\/agora.xtec.cat\/ins-intermunicipal\/wp-json\/wp\/v2\/media?parent=1504"}],"wp:term":[{"taxonomy":"category","embeddable":true,"href":"https:\/\/agora.xtec.cat\/ins-intermunicipal\/wp-json\/wp\/v2\/categories?post=1504"},{"taxonomy":"post_tag","embeddable":true,"href":"https:\/\/agora.xtec.cat\/ins-intermunicipal\/wp-json\/wp\/v2\/tags?post=1504"}],"curies":[{"name":"wp","href":"https:\/\/api.w.org\/{rel}","templated":true}]}}