{"id":1482,"date":"2023-11-27T11:19:54","date_gmt":"2023-11-27T10:19:54","guid":{"rendered":"https:\/\/agora.xtec.cat\/ins-intermunicipal\/?p=1482"},"modified":"2023-11-27T14:36:12","modified_gmt":"2023-11-27T13:36:12","slug":"ajuts-a-lescolartitzacio-per-al-curs-2023-24-ajuntament-de-sant-sadurni","status":"publish","type":"post","link":"https:\/\/agora.xtec.cat\/ins-intermunicipal\/general\/ajuts-a-lescolartitzacio-per-al-curs-2023-24-ajuntament-de-sant-sadurni\/","title":{"rendered":"Ajuts a l&#8217;escolaritzaci\u00f3 per al curs 2023\/24 &#8211; Ajuntament de Sant Sadurn\u00ed"},"content":{"rendered":"<p>Adjuntem enlla\u00e7 a la not\u00edcia penjada a la web de l&#8217;Ajuntament de Sant Sadurn\u00ed (informaci\u00f3 i tr\u00e0mit):<\/p>\n<p><a href=\"https:\/\/santsadurni.cat\/document.php?id=18561\" target=\"_blank\" rel=\"noopener\">https:\/\/santsadurni.cat\/document.php?id=18561<\/a><\/p>\n","protected":false},"excerpt":{"rendered":"<p>Adjuntem enlla\u00e7 a la not\u00edcia penjada a la web de l&#8217;Ajuntament de Sant Sadurn\u00ed (informaci\u00f3 i tr\u00e0mit):<br \/>\n<a href=\"https:\/\/santsadurni.cat\/document.php?id=18561\" target=\"_blank\" rel=\"noopener\">https:\/\/santsadurni.cat\/document.php?id=18561<\/a><\/p>\n","protected":false},"author":6,"featured_media":1483,"comment_status":"closed","ping_status":"closed","sticky":false,"template":"","format":"standard","meta":{"_bbp_topic_count":0,"_bbp_reply_count":0,"_bbp_total_topic_count":0,"_bbp_total_reply_count":0,"_bbp_voice_count":0,"_bbp_anonymous_reply_count":0,"_bbp_topic_count_hidden":0,"_bbp_reply_count_hidden":0,"_bbp_forum_subforum_count":0,"footnotes":""},"categories":[30,1,29],"tags":[276,220,212],"class_list":["post-1482","post","type-post","status-publish","format-standard","has-post-thumbnail","hentry","category-formacio-professional","category-general","category-portada","tag-beques","tag-eso","tag-sant-sadurni-danoia"],"post_mailing_queue_ids":[],"_links":{"self":[{"href":"https:\/\/agora.xtec.cat\/ins-intermunicipal\/wp-json\/wp\/v2\/posts\/1482","targetHints":{"allow":["GET"]}}],"collection":[{"href":"https:\/\/agora.xtec.cat\/ins-intermunicipal\/wp-json\/wp\/v2\/posts"}],"about":[{"href":"https:\/\/agora.xtec.cat\/ins-intermunicipal\/wp-json\/wp\/v2\/types\/post"}],"author":[{"embeddable":true,"href":"https:\/\/agora.xtec.cat\/ins-intermunicipal\/wp-json\/wp\/v2\/users\/6"}],"replies":[{"embeddable":true,"href":"https:\/\/agora.xtec.cat\/ins-intermunicipal\/wp-json\/wp\/v2\/comments?post=1482"}],"version-history":[{"count":2,"href":"https:\/\/agora.xtec.cat\/ins-intermunicipal\/wp-json\/wp\/v2\/posts\/1482\/revisions"}],"predecessor-version":[{"id":1485,"href":"https:\/\/agora.xtec.cat\/ins-intermunicipal\/wp-json\/wp\/v2\/posts\/1482\/revisions\/1485"}],"wp:featuredmedia":[{"embeddable":true,"href":"https:\/\/agora.xtec.cat\/ins-intermunicipal\/wp-json\/wp\/v2\/media\/1483"}],"wp:attachment":[{"href":"https:\/\/agora.xtec.cat\/ins-intermunicipal\/wp-json\/wp\/v2\/media?parent=1482"}],"wp:term":[{"taxonomy":"category","embeddable":true,"href":"https:\/\/agora.xtec.cat\/ins-intermunicipal\/wp-json\/wp\/v2\/categories?post=1482"},{"taxonomy":"post_tag","embeddable":true,"href":"https:\/\/agora.xtec.cat\/ins-intermunicipal\/wp-json\/wp\/v2\/tags?post=1482"}],"curies":[{"name":"wp","href":"https:\/\/api.w.org\/{rel}","templated":true}]}}