{"id":1474,"date":"2023-11-24T13:48:44","date_gmt":"2023-11-24T12:48:44","guid":{"rendered":"https:\/\/agora.xtec.cat\/ins-intermunicipal\/?p=1474"},"modified":"2023-11-24T13:53:06","modified_gmt":"2023-11-24T12:53:06","slug":"lalumnat-de-cfgs-deducacio-infantil-a-lhora-del-conte","status":"publish","type":"post","link":"https:\/\/agora.xtec.cat\/ins-intermunicipal\/general\/lalumnat-de-cfgs-deducacio-infantil-a-lhora-del-conte\/","title":{"rendered":"L&#8217;alumnat de CFGS d&#8217;Educaci\u00f3 Infantil a &#8220;l&#8217;Hora del Conte&#8221;"},"content":{"rendered":"<p><a href=\"https:\/\/agora.xtec.cat\/ins-intermunicipal\/wp-content\/uploads\/usu2220\/2023\/11\/IMG-20231122-WA0049.jpg\"><img loading=\"lazy\" decoding=\"async\" class=\"size-medium wp-image-1476 alignright\" src=\"https:\/\/agora.xtec.cat\/ins-intermunicipal\/wp-content\/uploads\/usu2220\/2023\/11\/IMG-20231122-WA0049-300x225.jpg\" alt=\"\" width=\"300\" height=\"225\" srcset=\"https:\/\/agora.xtec.cat\/ins-intermunicipal\/wp-content\/uploads\/usu2220\/2023\/11\/IMG-20231122-WA0049-300x225.jpg 300w, https:\/\/agora.xtec.cat\/ins-intermunicipal\/wp-content\/uploads\/usu2220\/2023\/11\/IMG-20231122-WA0049-1024x768.jpg 1024w, https:\/\/agora.xtec.cat\/ins-intermunicipal\/wp-content\/uploads\/usu2220\/2023\/11\/IMG-20231122-WA0049-768x576.jpg 768w, https:\/\/agora.xtec.cat\/ins-intermunicipal\/wp-content\/uploads\/usu2220\/2023\/11\/IMG-20231122-WA0049-1536x1152.jpg 1536w, https:\/\/agora.xtec.cat\/ins-intermunicipal\/wp-content\/uploads\/usu2220\/2023\/11\/IMG-20231122-WA0049-200x150.jpg 200w, https:\/\/agora.xtec.cat\/ins-intermunicipal\/wp-content\/uploads\/usu2220\/2023\/11\/IMG-20231122-WA0049.jpg 2016w\" sizes=\"auto, (max-width: 300px) 100vw, 300px\" \/><\/a>L&#8217;Alumnat del CFGS d&#8217;Educaci\u00f3 Infantil va assistir dimecres a la sessi\u00f3 de contes infantils &#8220;L&#8217;hora del conte&#8221; que regularment programa la biblioteca Ramon Bosch de Noya de Sant Sadurn\u00ed d&#8217;Anoia. La sessi\u00f3 es titulava Petit ning\u00fa m\u00e9s que l&#8217;altra i abordava el tema de la igualtat d&#8217;oportunitats entre homes i dones adaptat per a infants entre 3 i 5 anys.<\/p>\n","protected":false},"excerpt":{"rendered":"<p><a href=\"https:\/\/agora.xtec.cat\/ins-intermunicipal\/wp-content\/uploads\/usu2220\/2023\/11\/IMG-20231122-WA0049.jpg\"><\/a>L&#8217;Alumnat del CFGS d&#8217;Educaci\u00f3 Infantil va assistir dimecres a la sessi\u00f3 de contes infantils &#8220;L&#8217;hora del conte&#8221; que regularment programa la biblioteca Ramon Bosch de Noya de Sant Sadurn\u00ed d&#8217;Anoia. La sessi\u00f3 es titulava Petit ning\u00fa m\u00e9s que l&#8217;altra i abordava el tema de&hellip;  <a href=\"https:\/\/agora.xtec.cat\/ins-intermunicipal\/general\/lalumnat-de-cfgs-deducacio-infantil-a-lhora-del-conte\/\" title=\"Read L&#8217;alumnat de CFGS d&#8217;Educaci\u00f3 Infantil a &#8220;l&#8217;Hora del Conte&#8221;\">Llegeix m\u00e9s\u00bb<\/a><\/p>\n","protected":false},"author":8,"featured_media":1475,"comment_status":"closed","ping_status":"closed","sticky":false,"template":"","format":"standard","meta":{"_bbp_topic_count":0,"_bbp_reply_count":0,"_bbp_total_topic_count":0,"_bbp_total_reply_count":0,"_bbp_voice_count":0,"_bbp_anonymous_reply_count":0,"_bbp_topic_count_hidden":0,"_bbp_reply_count_hidden":0,"_bbp_forum_subforum_count":0,"footnotes":""},"categories":[30,1,29],"tags":[252],"class_list":["post-1474","post","type-post","status-publish","format-standard","has-post-thumbnail","hentry","category-formacio-professional","category-general","category-portada","tag-cfgs-deducacio-infantil"],"post_mailing_queue_ids":[],"_links":{"self":[{"href":"https:\/\/agora.xtec.cat\/ins-intermunicipal\/wp-json\/wp\/v2\/posts\/1474","targetHints":{"allow":["GET"]}}],"collection":[{"href":"https:\/\/agora.xtec.cat\/ins-intermunicipal\/wp-json\/wp\/v2\/posts"}],"about":[{"href":"https:\/\/agora.xtec.cat\/ins-intermunicipal\/wp-json\/wp\/v2\/types\/post"}],"author":[{"embeddable":true,"href":"https:\/\/agora.xtec.cat\/ins-intermunicipal\/wp-json\/wp\/v2\/users\/8"}],"replies":[{"embeddable":true,"href":"https:\/\/agora.xtec.cat\/ins-intermunicipal\/wp-json\/wp\/v2\/comments?post=1474"}],"version-history":[{"count":2,"href":"https:\/\/agora.xtec.cat\/ins-intermunicipal\/wp-json\/wp\/v2\/posts\/1474\/revisions"}],"predecessor-version":[{"id":1478,"href":"https:\/\/agora.xtec.cat\/ins-intermunicipal\/wp-json\/wp\/v2\/posts\/1474\/revisions\/1478"}],"wp:featuredmedia":[{"embeddable":true,"href":"https:\/\/agora.xtec.cat\/ins-intermunicipal\/wp-json\/wp\/v2\/media\/1475"}],"wp:attachment":[{"href":"https:\/\/agora.xtec.cat\/ins-intermunicipal\/wp-json\/wp\/v2\/media?parent=1474"}],"wp:term":[{"taxonomy":"category","embeddable":true,"href":"https:\/\/agora.xtec.cat\/ins-intermunicipal\/wp-json\/wp\/v2\/categories?post=1474"},{"taxonomy":"post_tag","embeddable":true,"href":"https:\/\/agora.xtec.cat\/ins-intermunicipal\/wp-json\/wp\/v2\/tags?post=1474"}],"curies":[{"name":"wp","href":"https:\/\/api.w.org\/{rel}","templated":true}]}}