{"id":1465,"date":"2023-11-23T12:16:00","date_gmt":"2023-11-23T11:16:00","guid":{"rendered":"https:\/\/agora.xtec.cat\/ins-intermunicipal\/?p=1465"},"modified":"2023-11-23T12:16:00","modified_gmt":"2023-11-23T11:16:00","slug":"eleccions-al-consell-escolar-2","status":"publish","type":"post","link":"https:\/\/agora.xtec.cat\/ins-intermunicipal\/general\/eleccions-al-consell-escolar-2\/","title":{"rendered":"Eleccions al Consell Escolar"},"content":{"rendered":"<p align=\"justify\">Aquest mat\u00ed han comen\u00e7at les eleccions al Consell Escolar del nostre institut. Els primers a votar han estat els alumnes d\u2019ESO i de Batxillerat, per\u00f2 durant el dia ho faran tamb\u00e9 els alumnes de Formaci\u00f3 Professional aix\u00ed com tot el personal docent, les mares i pares d\u2019alumnes i el personal d\u2019administraci\u00f3 i serveis. D\u2019aquestes eleccions en sortiran els 27 membres del nou Consell Escolar de l\u2019Institut Intermunicipal del Pened\u00e8s que es constituir\u00e0 properament.<\/p>\n<p align=\"justify\"><a href=\"https:\/\/agora.xtec.cat\/ins-intermunicipal\/wp-content\/uploads\/usu2220\/2023\/11\/IMG-20231123-WA0001.jpg\"><img loading=\"lazy\" decoding=\"async\" class=\"alignnone  wp-image-1468\" src=\"https:\/\/agora.xtec.cat\/ins-intermunicipal\/wp-content\/uploads\/usu2220\/2023\/11\/IMG-20231123-WA0001-300x169.jpg\" alt=\"\" width=\"293\" height=\"165\" srcset=\"https:\/\/agora.xtec.cat\/ins-intermunicipal\/wp-content\/uploads\/usu2220\/2023\/11\/IMG-20231123-WA0001-300x169.jpg 300w, https:\/\/agora.xtec.cat\/ins-intermunicipal\/wp-content\/uploads\/usu2220\/2023\/11\/IMG-20231123-WA0001-1024x576.jpg 1024w, https:\/\/agora.xtec.cat\/ins-intermunicipal\/wp-content\/uploads\/usu2220\/2023\/11\/IMG-20231123-WA0001-768x432.jpg 768w, https:\/\/agora.xtec.cat\/ins-intermunicipal\/wp-content\/uploads\/usu2220\/2023\/11\/IMG-20231123-WA0001-1536x864.jpg 1536w, https:\/\/agora.xtec.cat\/ins-intermunicipal\/wp-content\/uploads\/usu2220\/2023\/11\/IMG-20231123-WA0001.jpg 2048w\" sizes=\"auto, (max-width: 293px) 100vw, 293px\" \/><\/a><a href=\"https:\/\/agora.xtec.cat\/ins-intermunicipal\/wp-content\/uploads\/usu2220\/2023\/11\/IMG-20231123-WA0003.jpg\">\u00a0 <img loading=\"lazy\" decoding=\"async\" class=\"alignnone  wp-image-1467\" src=\"https:\/\/agora.xtec.cat\/ins-intermunicipal\/wp-content\/uploads\/usu2220\/2023\/11\/IMG-20231123-WA0003-300x169.jpg\" alt=\"\" width=\"289\" height=\"163\" srcset=\"https:\/\/agora.xtec.cat\/ins-intermunicipal\/wp-content\/uploads\/usu2220\/2023\/11\/IMG-20231123-WA0003-300x169.jpg 300w, https:\/\/agora.xtec.cat\/ins-intermunicipal\/wp-content\/uploads\/usu2220\/2023\/11\/IMG-20231123-WA0003-1024x576.jpg 1024w, https:\/\/agora.xtec.cat\/ins-intermunicipal\/wp-content\/uploads\/usu2220\/2023\/11\/IMG-20231123-WA0003-768x432.jpg 768w, https:\/\/agora.xtec.cat\/ins-intermunicipal\/wp-content\/uploads\/usu2220\/2023\/11\/IMG-20231123-WA0003.jpg 1152w\" sizes=\"auto, (max-width: 289px) 100vw, 289px\" \/>\u00a0\u00a0<\/a><a href=\"https:\/\/agora.xtec.cat\/ins-intermunicipal\/wp-content\/uploads\/usu2220\/2023\/11\/IMG-20231123-WA0002.jpg\"><img loading=\"lazy\" decoding=\"async\" class=\"wp-image-1469 alignnone\" src=\"https:\/\/agora.xtec.cat\/ins-intermunicipal\/wp-content\/uploads\/usu2220\/2023\/11\/IMG-20231123-WA0002-300x169.jpg\" alt=\"\" width=\"289\" height=\"163\" srcset=\"https:\/\/agora.xtec.cat\/ins-intermunicipal\/wp-content\/uploads\/usu2220\/2023\/11\/IMG-20231123-WA0002-300x169.jpg 300w, https:\/\/agora.xtec.cat\/ins-intermunicipal\/wp-content\/uploads\/usu2220\/2023\/11\/IMG-20231123-WA0002-1024x576.jpg 1024w, https:\/\/agora.xtec.cat\/ins-intermunicipal\/wp-content\/uploads\/usu2220\/2023\/11\/IMG-20231123-WA0002-768x432.jpg 768w, https:\/\/agora.xtec.cat\/ins-intermunicipal\/wp-content\/uploads\/usu2220\/2023\/11\/IMG-20231123-WA0002-1536x864.jpg 1536w, https:\/\/agora.xtec.cat\/ins-intermunicipal\/wp-content\/uploads\/usu2220\/2023\/11\/IMG-20231123-WA0002.jpg 2048w\" sizes=\"auto, (max-width: 289px) 100vw, 289px\" \/>\u00a0\u00a0<\/a><\/p>\n","protected":false},"excerpt":{"rendered":"<p>Aquest mat\u00ed han comen\u00e7at les eleccions al Consell Escolar del nostre institut. Els primers a votar han estat els alumnes d\u2019ESO i de Batxillerat, per\u00f2 durant el dia ho faran tamb\u00e9 els alumnes de Formaci\u00f3 Professional aix\u00ed com tot el personal docent, les mares i&hellip;  <a href=\"https:\/\/agora.xtec.cat\/ins-intermunicipal\/general\/eleccions-al-consell-escolar-2\/\" title=\"Read Eleccions al Consell Escolar\">Llegeix m\u00e9s\u00bb<\/a><\/p>\n","protected":false},"author":7,"featured_media":1470,"comment_status":"closed","ping_status":"closed","sticky":false,"template":"","format":"standard","meta":{"_bbp_topic_count":0,"_bbp_reply_count":0,"_bbp_total_topic_count":0,"_bbp_total_reply_count":0,"_bbp_voice_count":0,"_bbp_anonymous_reply_count":0,"_bbp_topic_count_hidden":0,"_bbp_reply_count_hidden":0,"_bbp_forum_subforum_count":0,"footnotes":""},"categories":[8,3,30,1,29],"tags":[259,275],"class_list":["post-1465","post","type-post","status-publish","format-standard","has-post-thumbnail","hentry","category-bat","category-eso","category-formacio-professional","category-general","category-portada","tag-consell-escolar","tag-elecccions"],"post_mailing_queue_ids":[],"_links":{"self":[{"href":"https:\/\/agora.xtec.cat\/ins-intermunicipal\/wp-json\/wp\/v2\/posts\/1465","targetHints":{"allow":["GET"]}}],"collection":[{"href":"https:\/\/agora.xtec.cat\/ins-intermunicipal\/wp-json\/wp\/v2\/posts"}],"about":[{"href":"https:\/\/agora.xtec.cat\/ins-intermunicipal\/wp-json\/wp\/v2\/types\/post"}],"author":[{"embeddable":true,"href":"https:\/\/agora.xtec.cat\/ins-intermunicipal\/wp-json\/wp\/v2\/users\/7"}],"replies":[{"embeddable":true,"href":"https:\/\/agora.xtec.cat\/ins-intermunicipal\/wp-json\/wp\/v2\/comments?post=1465"}],"version-history":[{"count":4,"href":"https:\/\/agora.xtec.cat\/ins-intermunicipal\/wp-json\/wp\/v2\/posts\/1465\/revisions"}],"predecessor-version":[{"id":1473,"href":"https:\/\/agora.xtec.cat\/ins-intermunicipal\/wp-json\/wp\/v2\/posts\/1465\/revisions\/1473"}],"wp:featuredmedia":[{"embeddable":true,"href":"https:\/\/agora.xtec.cat\/ins-intermunicipal\/wp-json\/wp\/v2\/media\/1470"}],"wp:attachment":[{"href":"https:\/\/agora.xtec.cat\/ins-intermunicipal\/wp-json\/wp\/v2\/media?parent=1465"}],"wp:term":[{"taxonomy":"category","embeddable":true,"href":"https:\/\/agora.xtec.cat\/ins-intermunicipal\/wp-json\/wp\/v2\/categories?post=1465"},{"taxonomy":"post_tag","embeddable":true,"href":"https:\/\/agora.xtec.cat\/ins-intermunicipal\/wp-json\/wp\/v2\/tags?post=1465"}],"curies":[{"name":"wp","href":"https:\/\/api.w.org\/{rel}","templated":true}]}}