{"id":1453,"date":"2023-11-19T18:04:13","date_gmt":"2023-11-19T17:04:13","guid":{"rendered":"https:\/\/agora.xtec.cat\/ins-intermunicipal\/?p=1453"},"modified":"2023-11-19T18:08:35","modified_gmt":"2023-11-19T17:08:35","slug":"activitats-per-conmemorar-el-dia-mundial-de-la-infancia","status":"publish","type":"post","link":"https:\/\/agora.xtec.cat\/ins-intermunicipal\/general\/activitats-per-conmemorar-el-dia-mundial-de-la-infancia\/","title":{"rendered":"Activitats per conmemorar el dia mundial de la infancia"},"content":{"rendered":"<p><a href=\"https:\/\/agora.xtec.cat\/ins-intermunicipal\/wp-content\/uploads\/usu2220\/2023\/11\/20231119_172826-scaled.jpg\"><img loading=\"lazy\" decoding=\"async\" class=\"size-medium wp-image-1454 alignright\" src=\"https:\/\/agora.xtec.cat\/ins-intermunicipal\/wp-content\/uploads\/usu2220\/2023\/11\/20231119_172826-300x300.jpg\" alt=\"\" width=\"300\" height=\"300\" srcset=\"https:\/\/agora.xtec.cat\/ins-intermunicipal\/wp-content\/uploads\/usu2220\/2023\/11\/20231119_172826-300x300.jpg 300w, https:\/\/agora.xtec.cat\/ins-intermunicipal\/wp-content\/uploads\/usu2220\/2023\/11\/20231119_172826-1024x1024.jpg 1024w, https:\/\/agora.xtec.cat\/ins-intermunicipal\/wp-content\/uploads\/usu2220\/2023\/11\/20231119_172826-150x150.jpg 150w, https:\/\/agora.xtec.cat\/ins-intermunicipal\/wp-content\/uploads\/usu2220\/2023\/11\/20231119_172826-768x768.jpg 768w, https:\/\/agora.xtec.cat\/ins-intermunicipal\/wp-content\/uploads\/usu2220\/2023\/11\/20231119_172826-1536x1536.jpg 1536w, https:\/\/agora.xtec.cat\/ins-intermunicipal\/wp-content\/uploads\/usu2220\/2023\/11\/20231119_172826-2048x2048.jpg 2048w\" sizes=\"auto, (max-width: 300px) 100vw, 300px\" \/><\/a>El 20 de novembre \u00e9s el dia de la inf\u00e0ncia. Aquest dia est\u00e0 destinat a fomentar el benestar i els drets dels nens i les nenes de tot el m\u00f3n. L&#8217;any 1954, l&#8217;Assemblea General de les Nacions Unides va recomanar que es constitu\u00eds a tots els pa\u00efsos un Dia Universal del nen. L&#8217;ONU celebra aquest dia en commemoraci\u00f3 de l&#8217;aprovaci\u00f3 de la Declaraci\u00f3 dels drets de l&#8217;infant l&#8217;any 1959 i de la Convenci\u00f3 sobre els Drets de l&#8217;infant el 1989.<br \/>\nA primer i segon curs del cicle formatiu de grau superior d&#8217;Educaci\u00f3 Infantil han estat coneixent i treballant els Drets i la situaci\u00f3 actual de maltractament que, malauradament, pateixen els infants. Han fet cartells exposant i reivindicant l&#8217;infant com a subjecte de protecci\u00f3, aquests cartells estaran exposats a la sala infantil de la Biblioteca Ramon Bosch de Noya de Sant Sadurn\u00ed, del 20 al 30 de novembre. El dia 30 es dur\u00e0 a terme l&#8217;acte de clausura per part de l&#8217;alumnat.<\/p>\n<p><a href=\"https:\/\/agora.xtec.cat\/ins-intermunicipal\/wp-content\/uploads\/usu2220\/2023\/11\/20231119_172705-scaled.jpg\"><img loading=\"lazy\" decoding=\"async\" class=\"size-medium wp-image-1455 alignleft\" src=\"https:\/\/agora.xtec.cat\/ins-intermunicipal\/wp-content\/uploads\/usu2220\/2023\/11\/20231119_172705-300x300.jpg\" alt=\"\" width=\"300\" height=\"300\" srcset=\"https:\/\/agora.xtec.cat\/ins-intermunicipal\/wp-content\/uploads\/usu2220\/2023\/11\/20231119_172705-300x300.jpg 300w, https:\/\/agora.xtec.cat\/ins-intermunicipal\/wp-content\/uploads\/usu2220\/2023\/11\/20231119_172705-1024x1024.jpg 1024w, https:\/\/agora.xtec.cat\/ins-intermunicipal\/wp-content\/uploads\/usu2220\/2023\/11\/20231119_172705-150x150.jpg 150w, https:\/\/agora.xtec.cat\/ins-intermunicipal\/wp-content\/uploads\/usu2220\/2023\/11\/20231119_172705-768x768.jpg 768w, https:\/\/agora.xtec.cat\/ins-intermunicipal\/wp-content\/uploads\/usu2220\/2023\/11\/20231119_172705-1536x1536.jpg 1536w, https:\/\/agora.xtec.cat\/ins-intermunicipal\/wp-content\/uploads\/usu2220\/2023\/11\/20231119_172705-2048x2048.jpg 2048w\" sizes=\"auto, (max-width: 300px) 100vw, 300px\" \/><\/a><\/p>\n","protected":false},"excerpt":{"rendered":"<p><a href=\"https:\/\/agora.xtec.cat\/ins-intermunicipal\/wp-content\/uploads\/usu2220\/2023\/11\/20231119_172826-scaled.jpg\"><\/a>El 20 de novembre \u00e9s el dia de la inf\u00e0ncia. Aquest dia est\u00e0 destinat a fomentar el benestar i els drets dels nens i les nenes de tot el m\u00f3n. L&#8217;any 1954, l&#8217;Assemblea General de les Nacions Unides va recomanar que es constitu\u00eds a&hellip;  <a href=\"https:\/\/agora.xtec.cat\/ins-intermunicipal\/general\/activitats-per-conmemorar-el-dia-mundial-de-la-infancia\/\" title=\"Read Activitats per conmemorar el dia mundial de la infancia\">Llegeix m\u00e9s\u00bb<\/a><\/p>\n","protected":false},"author":8,"featured_media":1455,"comment_status":"closed","ping_status":"closed","sticky":false,"template":"","format":"standard","meta":{"_bbp_topic_count":0,"_bbp_reply_count":0,"_bbp_total_topic_count":0,"_bbp_total_reply_count":0,"_bbp_voice_count":0,"_bbp_anonymous_reply_count":0,"_bbp_topic_count_hidden":0,"_bbp_reply_count_hidden":0,"_bbp_forum_subforum_count":0,"footnotes":""},"categories":[30,1,29],"tags":[252],"class_list":["post-1453","post","type-post","status-publish","format-standard","has-post-thumbnail","hentry","category-formacio-professional","category-general","category-portada","tag-cfgs-deducacio-infantil"],"post_mailing_queue_ids":[],"_links":{"self":[{"href":"https:\/\/agora.xtec.cat\/ins-intermunicipal\/wp-json\/wp\/v2\/posts\/1453","targetHints":{"allow":["GET"]}}],"collection":[{"href":"https:\/\/agora.xtec.cat\/ins-intermunicipal\/wp-json\/wp\/v2\/posts"}],"about":[{"href":"https:\/\/agora.xtec.cat\/ins-intermunicipal\/wp-json\/wp\/v2\/types\/post"}],"author":[{"embeddable":true,"href":"https:\/\/agora.xtec.cat\/ins-intermunicipal\/wp-json\/wp\/v2\/users\/8"}],"replies":[{"embeddable":true,"href":"https:\/\/agora.xtec.cat\/ins-intermunicipal\/wp-json\/wp\/v2\/comments?post=1453"}],"version-history":[{"count":2,"href":"https:\/\/agora.xtec.cat\/ins-intermunicipal\/wp-json\/wp\/v2\/posts\/1453\/revisions"}],"predecessor-version":[{"id":1457,"href":"https:\/\/agora.xtec.cat\/ins-intermunicipal\/wp-json\/wp\/v2\/posts\/1453\/revisions\/1457"}],"wp:featuredmedia":[{"embeddable":true,"href":"https:\/\/agora.xtec.cat\/ins-intermunicipal\/wp-json\/wp\/v2\/media\/1455"}],"wp:attachment":[{"href":"https:\/\/agora.xtec.cat\/ins-intermunicipal\/wp-json\/wp\/v2\/media?parent=1453"}],"wp:term":[{"taxonomy":"category","embeddable":true,"href":"https:\/\/agora.xtec.cat\/ins-intermunicipal\/wp-json\/wp\/v2\/categories?post=1453"},{"taxonomy":"post_tag","embeddable":true,"href":"https:\/\/agora.xtec.cat\/ins-intermunicipal\/wp-json\/wp\/v2\/tags?post=1453"}],"curies":[{"name":"wp","href":"https:\/\/api.w.org\/{rel}","templated":true}]}}