{"id":1444,"date":"2023-11-16T14:36:06","date_gmt":"2023-11-16T13:36:06","guid":{"rendered":"https:\/\/agora.xtec.cat\/ins-intermunicipal\/?p=1444"},"modified":"2023-11-16T14:36:06","modified_gmt":"2023-11-16T13:36:06","slug":"xerrada-sobre-les-situacions-de-risc","status":"publish","type":"post","link":"https:\/\/agora.xtec.cat\/ins-intermunicipal\/general\/xerrada-sobre-les-situacions-de-risc\/","title":{"rendered":"Xerrada sobre les situacions de risc."},"content":{"rendered":"<p align=\"justify\"><a href=\"https:\/\/agora.xtec.cat\/ins-intermunicipal\/wp-content\/uploads\/usu2220\/2023\/11\/20231114_123131-scaled.jpg\"><img loading=\"lazy\" decoding=\"async\" class=\"wp-image-1449 alignright\" src=\"https:\/\/agora.xtec.cat\/ins-intermunicipal\/wp-content\/uploads\/usu2220\/2023\/11\/20231114_123131-300x169.jpg\" alt=\"\" width=\"492\" height=\"277\" srcset=\"https:\/\/agora.xtec.cat\/ins-intermunicipal\/wp-content\/uploads\/usu2220\/2023\/11\/20231114_123131-300x169.jpg 300w, https:\/\/agora.xtec.cat\/ins-intermunicipal\/wp-content\/uploads\/usu2220\/2023\/11\/20231114_123131-1024x576.jpg 1024w, https:\/\/agora.xtec.cat\/ins-intermunicipal\/wp-content\/uploads\/usu2220\/2023\/11\/20231114_123131-768x432.jpg 768w, https:\/\/agora.xtec.cat\/ins-intermunicipal\/wp-content\/uploads\/usu2220\/2023\/11\/20231114_123131-1536x864.jpg 1536w, https:\/\/agora.xtec.cat\/ins-intermunicipal\/wp-content\/uploads\/usu2220\/2023\/11\/20231114_123131-2048x1152.jpg 2048w\" sizes=\"auto, (max-width: 492px) 100vw, 492px\" \/><\/a>Durant aquesta setmana i la passada, dos agents dels Mossos d\u2019Esquadra han fet una s\u00e8rie de xerrades dirigides als alumnes de 3r curs d\u2019ESO i de 1r de Batxillerat sobre les diferents situacions de risc amb qu\u00e8 es poden haver d\u2019enfrontar.<\/p>\n<p align=\"justify\">Els agents encarregats de les xerrades han parlat amb els nostres alumnes de situacions molt diverses que els poden afectar: baralles, bullyng, assetjament i viol\u00e8ncia sexual, internet, \u00fas de m\u00f2bils, consum i tr\u00e0fic de drogues, furts i robatoris, etc. Tamb\u00e9 s&#8217;ha informat els alumnes de q\u00fcestions que demanaven ells mateixos i que indiquen la seva preocupaci\u00f3 per aquests temes. Per aix\u00f2 s&#8217;ha parlat, tamb\u00e9, de qu\u00e8 es considera o no una arma blanca, a partir de quina edat \u00e9s obligatori el DNI, quines subst\u00e0ncies s\u00f3n il\u00b7legals, com actuar si s\u2019\u00e9s v\u00edctima o testimoni de viol\u00e8ncia de g\u00e8nere o de bullying i les conseq\u00fc\u00e8ncies legals i la imputabilitat que poden tenir els actes segons l&#8217;edat de qui els fa.<\/p>\n<p align=\"justify\">Durant les diverses xerrades, els Mossos han aprofitat per donar indicacions clares als nostres alumnes sobre quina \u00e9s la millor manera d\u2019actuar i de protegir-se davant d\u2019una situaci\u00f3 de risc.<\/p>\n<p style=\"text-align: justify;\">A finalitzar les xerrades, els alumnes han valorat positivament la utilitat de rebre informaci\u00f3 objectiva i clarificadora que desmunta molts dels rumors populars que circulen <span style=\"font-family: inherit; font-size: 1em;\">sobre aquestes q\u00fcestions.<\/span><\/p>\n<p align=\"justify\">\n","protected":false},"excerpt":{"rendered":"<p><a href=\"https:\/\/agora.xtec.cat\/ins-intermunicipal\/wp-content\/uploads\/usu2220\/2023\/11\/20231114_123131-scaled.jpg\"><\/a>Durant aquesta setmana i la passada, dos agents dels Mossos d\u2019Esquadra han fet una s\u00e8rie de xerrades dirigides als alumnes de 3r curs d\u2019ESO i de 1r de Batxillerat sobre les diferents situacions de risc amb qu\u00e8 es poden haver d\u2019enfrontar.<br \/>\nEls agents encarregats de&hellip;  <a href=\"https:\/\/agora.xtec.cat\/ins-intermunicipal\/general\/xerrada-sobre-les-situacions-de-risc\/\" title=\"Read Xerrada sobre les situacions de risc.\">Llegeix m\u00e9s\u00bb<\/a><\/p>\n","protected":false},"author":7,"featured_media":1448,"comment_status":"closed","ping_status":"closed","sticky":false,"template":"","format":"standard","meta":{"_bbp_topic_count":0,"_bbp_reply_count":0,"_bbp_total_topic_count":0,"_bbp_total_reply_count":0,"_bbp_voice_count":0,"_bbp_anonymous_reply_count":0,"_bbp_topic_count_hidden":0,"_bbp_reply_count_hidden":0,"_bbp_forum_subforum_count":0,"footnotes":""},"categories":[8,3,1,29],"tags":[251,272,273,274],"class_list":["post-1444","post","type-post","status-publish","format-standard","has-post-thumbnail","hentry","category-bat","category-eso","category-general","category-portada","tag-mossos","tag-risc","tag-situacions-de-risc","tag-violencia"],"post_mailing_queue_ids":[],"_links":{"self":[{"href":"https:\/\/agora.xtec.cat\/ins-intermunicipal\/wp-json\/wp\/v2\/posts\/1444","targetHints":{"allow":["GET"]}}],"collection":[{"href":"https:\/\/agora.xtec.cat\/ins-intermunicipal\/wp-json\/wp\/v2\/posts"}],"about":[{"href":"https:\/\/agora.xtec.cat\/ins-intermunicipal\/wp-json\/wp\/v2\/types\/post"}],"author":[{"embeddable":true,"href":"https:\/\/agora.xtec.cat\/ins-intermunicipal\/wp-json\/wp\/v2\/users\/7"}],"replies":[{"embeddable":true,"href":"https:\/\/agora.xtec.cat\/ins-intermunicipal\/wp-json\/wp\/v2\/comments?post=1444"}],"version-history":[{"count":5,"href":"https:\/\/agora.xtec.cat\/ins-intermunicipal\/wp-json\/wp\/v2\/posts\/1444\/revisions"}],"predecessor-version":[{"id":1451,"href":"https:\/\/agora.xtec.cat\/ins-intermunicipal\/wp-json\/wp\/v2\/posts\/1444\/revisions\/1451"}],"wp:featuredmedia":[{"embeddable":true,"href":"https:\/\/agora.xtec.cat\/ins-intermunicipal\/wp-json\/wp\/v2\/media\/1448"}],"wp:attachment":[{"href":"https:\/\/agora.xtec.cat\/ins-intermunicipal\/wp-json\/wp\/v2\/media?parent=1444"}],"wp:term":[{"taxonomy":"category","embeddable":true,"href":"https:\/\/agora.xtec.cat\/ins-intermunicipal\/wp-json\/wp\/v2\/categories?post=1444"},{"taxonomy":"post_tag","embeddable":true,"href":"https:\/\/agora.xtec.cat\/ins-intermunicipal\/wp-json\/wp\/v2\/tags?post=1444"}],"curies":[{"name":"wp","href":"https:\/\/api.w.org\/{rel}","templated":true}]}}