{"id":1439,"date":"2023-11-16T10:48:03","date_gmt":"2023-11-16T09:48:03","guid":{"rendered":"https:\/\/agora.xtec.cat\/ins-intermunicipal\/?p=1439"},"modified":"2023-11-16T10:48:03","modified_gmt":"2023-11-16T09:48:03","slug":"la-marato-arrenca-a-linter","status":"publish","type":"post","link":"https:\/\/agora.xtec.cat\/ins-intermunicipal\/general\/la-marato-arrenca-a-linter\/","title":{"rendered":"La Marat\u00f3 arrenca a l&#8217;Inter"},"content":{"rendered":"<p>Qu\u00e8 \u00e9s una ITS? El dolor menstrual \u00e9s normal? Quina difer\u00e8ncia hi ha entre infertilitat i esterilitat? Com de perill\u00f3s pot ser una preecl\u00e0mpsia?<\/p>\n<p>Aquestes s\u00f3n algunes de les preguntes que ha resolt l&#8217;estudiant de sis\u00e8 de Medicina, Estela Becerra, que aquests dies ha visitat l&#8217;Institut Intermunicipal del Pened\u00e8s per difondre el programa de la Marat\u00f3 de 3Cat, el pr\u00f2xim 17 de desembre, que enguany estar\u00e0 dedicada a la salut sexual i reproductiva. Des del 1992, La Marat\u00f3 recapta fons per sensibilitzar la societat i impulsar la investigaci\u00f3 biom\u00e8dica sobre les malalties tractades en el programa. Des que va comen\u00e7ar, fins ara, el programa ha recaptat prop de 240 milions d&#8217;euros. L&#8217;Institut col\u00b7labora cada any, dintre les seves possibilitats, en difondre el programa, les malalties tractades, la necessitat de la prevenci\u00f3 i la recerca.<\/p>\n<p>Becerra ha visitat aquesta setmana les aules de les diferents fam\u00edlies professionals de Formaci\u00f3 Professional, FP, i ha sabut connectar amb els joves amb sessions que en algun cas s&#8217;han allargat molt m\u00e9s enll\u00e0 del temps previst evidenciant l&#8217;inter\u00e8s que ha tingut l&#8217;alumnat pel tema. Ens ha deixat a tots amb ganes de saber-ne m\u00e9s. Ho seguirem treballant a les classes.<\/p>\n<p>&nbsp;<\/p>\n<p>&nbsp;<\/p>\n<p><a href=\"https:\/\/agora.xtec.cat\/ins-intermunicipal\/wp-content\/uploads\/usu2220\/2023\/11\/Marato-3.jpg\"><img loading=\"lazy\" decoding=\"async\" class=\"alignnone  wp-image-1441\" src=\"https:\/\/agora.xtec.cat\/ins-intermunicipal\/wp-content\/uploads\/usu2220\/2023\/11\/Marato-3-1024x768.jpg\" alt=\"\" width=\"1008\" height=\"756\" srcset=\"https:\/\/agora.xtec.cat\/ins-intermunicipal\/wp-content\/uploads\/usu2220\/2023\/11\/Marato-3-1024x768.jpg 1024w, https:\/\/agora.xtec.cat\/ins-intermunicipal\/wp-content\/uploads\/usu2220\/2023\/11\/Marato-3-300x225.jpg 300w, https:\/\/agora.xtec.cat\/ins-intermunicipal\/wp-content\/uploads\/usu2220\/2023\/11\/Marato-3-768x576.jpg 768w, https:\/\/agora.xtec.cat\/ins-intermunicipal\/wp-content\/uploads\/usu2220\/2023\/11\/Marato-3-200x150.jpg 200w, https:\/\/agora.xtec.cat\/ins-intermunicipal\/wp-content\/uploads\/usu2220\/2023\/11\/Marato-3.jpg 1200w\" sizes=\"auto, (max-width: 1008px) 100vw, 1008px\" \/><\/a><a href=\"https:\/\/agora.xtec.cat\/ins-intermunicipal\/wp-content\/uploads\/usu2220\/2023\/11\/Marato1.jpg\"><img loading=\"lazy\" decoding=\"async\" class=\"alignnone size-large wp-image-1440\" src=\"https:\/\/agora.xtec.cat\/ins-intermunicipal\/wp-content\/uploads\/usu2220\/2023\/11\/Marato1-1024x768.jpg\" alt=\"\" width=\"1024\" height=\"768\" srcset=\"https:\/\/agora.xtec.cat\/ins-intermunicipal\/wp-content\/uploads\/usu2220\/2023\/11\/Marato1-1024x768.jpg 1024w, https:\/\/agora.xtec.cat\/ins-intermunicipal\/wp-content\/uploads\/usu2220\/2023\/11\/Marato1-300x225.jpg 300w, https:\/\/agora.xtec.cat\/ins-intermunicipal\/wp-content\/uploads\/usu2220\/2023\/11\/Marato1-768x576.jpg 768w, https:\/\/agora.xtec.cat\/ins-intermunicipal\/wp-content\/uploads\/usu2220\/2023\/11\/Marato1-1536x1152.jpg 1536w, https:\/\/agora.xtec.cat\/ins-intermunicipal\/wp-content\/uploads\/usu2220\/2023\/11\/Marato1-200x150.jpg 200w, https:\/\/agora.xtec.cat\/ins-intermunicipal\/wp-content\/uploads\/usu2220\/2023\/11\/Marato1.jpg 1600w\" sizes=\"auto, (max-width: 1024px) 100vw, 1024px\" \/><\/a><\/p>\n","protected":false},"excerpt":{"rendered":"<p>Qu\u00e8 \u00e9s una ITS? El dolor menstrual \u00e9s normal? Quina difer\u00e8ncia hi ha entre infertilitat i esterilitat? Com de perill\u00f3s pot ser una preecl\u00e0mpsia?<br \/>\nAquestes s\u00f3n algunes de les preguntes que ha resolt l&#8217;estudiant de sis\u00e8 de Medicina, Estela Becerra, que aquests dies ha visitat l&#8217;Institut&hellip;  <a href=\"https:\/\/agora.xtec.cat\/ins-intermunicipal\/general\/la-marato-arrenca-a-linter\/\" title=\"Read La Marat\u00f3 arrenca a l&#8217;Inter\">Llegeix m\u00e9s\u00bb<\/a><\/p>\n","protected":false},"author":8,"featured_media":1442,"comment_status":"closed","ping_status":"closed","sticky":false,"template":"","format":"standard","meta":{"_bbp_topic_count":0,"_bbp_reply_count":0,"_bbp_total_topic_count":0,"_bbp_total_reply_count":0,"_bbp_voice_count":0,"_bbp_anonymous_reply_count":0,"_bbp_topic_count_hidden":0,"_bbp_reply_count_hidden":0,"_bbp_forum_subforum_count":0,"footnotes":""},"categories":[30,1,29],"tags":[183],"class_list":["post-1439","post","type-post","status-publish","format-standard","has-post-thumbnail","hentry","category-formacio-professional","category-general","category-portada","tag-fp"],"post_mailing_queue_ids":[],"_links":{"self":[{"href":"https:\/\/agora.xtec.cat\/ins-intermunicipal\/wp-json\/wp\/v2\/posts\/1439","targetHints":{"allow":["GET"]}}],"collection":[{"href":"https:\/\/agora.xtec.cat\/ins-intermunicipal\/wp-json\/wp\/v2\/posts"}],"about":[{"href":"https:\/\/agora.xtec.cat\/ins-intermunicipal\/wp-json\/wp\/v2\/types\/post"}],"author":[{"embeddable":true,"href":"https:\/\/agora.xtec.cat\/ins-intermunicipal\/wp-json\/wp\/v2\/users\/8"}],"replies":[{"embeddable":true,"href":"https:\/\/agora.xtec.cat\/ins-intermunicipal\/wp-json\/wp\/v2\/comments?post=1439"}],"version-history":[{"count":1,"href":"https:\/\/agora.xtec.cat\/ins-intermunicipal\/wp-json\/wp\/v2\/posts\/1439\/revisions"}],"predecessor-version":[{"id":1443,"href":"https:\/\/agora.xtec.cat\/ins-intermunicipal\/wp-json\/wp\/v2\/posts\/1439\/revisions\/1443"}],"wp:featuredmedia":[{"embeddable":true,"href":"https:\/\/agora.xtec.cat\/ins-intermunicipal\/wp-json\/wp\/v2\/media\/1442"}],"wp:attachment":[{"href":"https:\/\/agora.xtec.cat\/ins-intermunicipal\/wp-json\/wp\/v2\/media?parent=1439"}],"wp:term":[{"taxonomy":"category","embeddable":true,"href":"https:\/\/agora.xtec.cat\/ins-intermunicipal\/wp-json\/wp\/v2\/categories?post=1439"},{"taxonomy":"post_tag","embeddable":true,"href":"https:\/\/agora.xtec.cat\/ins-intermunicipal\/wp-json\/wp\/v2\/tags?post=1439"}],"curies":[{"name":"wp","href":"https:\/\/api.w.org\/{rel}","templated":true}]}}