{"id":1428,"date":"2023-11-13T11:37:18","date_gmt":"2023-11-13T10:37:18","guid":{"rendered":"https:\/\/agora.xtec.cat\/ins-intermunicipal\/?p=1428"},"modified":"2023-11-13T11:37:18","modified_gmt":"2023-11-13T10:37:18","slug":"el-programa-dimpuls-de-la-lectura","status":"publish","type":"post","link":"https:\/\/agora.xtec.cat\/ins-intermunicipal\/general\/el-programa-dimpuls-de-la-lectura\/","title":{"rendered":"El Programa d&#8217;Impuls de la LECtura"},"content":{"rendered":"<p align=\"justify\"><a href=\"https:\/\/agora.xtec.cat\/ins-intermunicipal\/wp-content\/uploads\/usu2220\/2023\/11\/20231113_113044-1.jpg\"><img loading=\"lazy\" decoding=\"async\" class=\"wp-image-1433 alignleft\" src=\"https:\/\/agora.xtec.cat\/ins-intermunicipal\/wp-content\/uploads\/usu2220\/2023\/11\/20231113_113044-1.jpg\" alt=\"\" width=\"384\" height=\"288\" srcset=\"https:\/\/agora.xtec.cat\/ins-intermunicipal\/wp-content\/uploads\/usu2220\/2023\/11\/20231113_113044-1.jpg 900w, https:\/\/agora.xtec.cat\/ins-intermunicipal\/wp-content\/uploads\/usu2220\/2023\/11\/20231113_113044-1-300x225.jpg 300w, https:\/\/agora.xtec.cat\/ins-intermunicipal\/wp-content\/uploads\/usu2220\/2023\/11\/20231113_113044-1-768x576.jpg 768w, https:\/\/agora.xtec.cat\/ins-intermunicipal\/wp-content\/uploads\/usu2220\/2023\/11\/20231113_113044-1-200x150.jpg 200w\" sizes=\"auto, (max-width: 384px) 100vw, 384px\" \/><\/a>Una de les novetats d\u2019aquest curs 2023-2024 al nostre institut \u00e9s la implantaci\u00f3 del <strong>Programa d\u2019Impuls de la LECtura<\/strong> (Programa ILEC). Aquest programa t\u00e9 com a objectiu principal aconseguir que millori la compet\u00e8ncia lectora del nostre alumnat. Ara com ara afecta els quatre cursos de l\u2019ESO i el 1r curs de Batxillerat.<\/p>\n<p align=\"justify\">Una de les caracter\u00edstiques d\u2019aquest programa \u00e9s que als diferents cursos es treballen aspectes diversos de la lectura de manera que ens assegurem que els alumnes no nom\u00e9s s&#8217;acostin a la pr\u00e0ctica de la lectura de textos diversos des de diferents punts de vista, sin\u00f3 que creixin com a lectors durant els cinc cursos que dura el programa.<\/p>\n<p align=\"justify\">Tant pel que fa a les motivacions com pel que fa als objectius generals i espec\u00edfics del Programa ILEC del nostre institut, podeu trobar m\u00e9s informaci\u00f3 en<strong> <a href=\"https:\/\/agora.xtec.cat\/ins-intermunicipal\/programa-dimpuls-de-la-lectura\/\" target=\"_blank\" rel=\"noopener\">aquest enlla\u00e7.<\/a><\/strong><\/p>\n","protected":false},"excerpt":{"rendered":"<p><a href=\"https:\/\/agora.xtec.cat\/ins-intermunicipal\/wp-content\/uploads\/usu2220\/2023\/11\/20231113_113044-1.jpg\"><\/a>Una de les novetats d\u2019aquest curs 2023-2024 al nostre institut \u00e9s la implantaci\u00f3 del Programa d\u2019Impuls de la LECtura (Programa ILEC). Aquest programa t\u00e9 com a objectiu principal aconseguir que millori la compet\u00e8ncia lectora del nostre alumnat. Ara com ara afecta els quatre cursos&hellip;  <a href=\"https:\/\/agora.xtec.cat\/ins-intermunicipal\/general\/el-programa-dimpuls-de-la-lectura\/\" title=\"Read El Programa d&#8217;Impuls de la LECtura\">Llegeix m\u00e9s\u00bb<\/a><\/p>\n","protected":false},"author":7,"featured_media":1433,"comment_status":"closed","ping_status":"closed","sticky":false,"template":"","format":"standard","meta":{"_bbp_topic_count":0,"_bbp_reply_count":0,"_bbp_total_topic_count":0,"_bbp_total_reply_count":0,"_bbp_voice_count":0,"_bbp_anonymous_reply_count":0,"_bbp_topic_count_hidden":0,"_bbp_reply_count_hidden":0,"_bbp_forum_subforum_count":0,"footnotes":""},"categories":[8,3,1,29],"tags":[271,270,269],"class_list":["post-1428","post","type-post","status-publish","format-standard","has-post-thumbnail","hentry","category-bat","category-eso","category-general","category-portada","tag-competencia-lectora","tag-lectura","tag-programa-ilec"],"post_mailing_queue_ids":[],"_links":{"self":[{"href":"https:\/\/agora.xtec.cat\/ins-intermunicipal\/wp-json\/wp\/v2\/posts\/1428","targetHints":{"allow":["GET"]}}],"collection":[{"href":"https:\/\/agora.xtec.cat\/ins-intermunicipal\/wp-json\/wp\/v2\/posts"}],"about":[{"href":"https:\/\/agora.xtec.cat\/ins-intermunicipal\/wp-json\/wp\/v2\/types\/post"}],"author":[{"embeddable":true,"href":"https:\/\/agora.xtec.cat\/ins-intermunicipal\/wp-json\/wp\/v2\/users\/7"}],"replies":[{"embeddable":true,"href":"https:\/\/agora.xtec.cat\/ins-intermunicipal\/wp-json\/wp\/v2\/comments?post=1428"}],"version-history":[{"count":6,"href":"https:\/\/agora.xtec.cat\/ins-intermunicipal\/wp-json\/wp\/v2\/posts\/1428\/revisions"}],"predecessor-version":[{"id":1438,"href":"https:\/\/agora.xtec.cat\/ins-intermunicipal\/wp-json\/wp\/v2\/posts\/1428\/revisions\/1438"}],"wp:featuredmedia":[{"embeddable":true,"href":"https:\/\/agora.xtec.cat\/ins-intermunicipal\/wp-json\/wp\/v2\/media\/1433"}],"wp:attachment":[{"href":"https:\/\/agora.xtec.cat\/ins-intermunicipal\/wp-json\/wp\/v2\/media?parent=1428"}],"wp:term":[{"taxonomy":"category","embeddable":true,"href":"https:\/\/agora.xtec.cat\/ins-intermunicipal\/wp-json\/wp\/v2\/categories?post=1428"},{"taxonomy":"post_tag","embeddable":true,"href":"https:\/\/agora.xtec.cat\/ins-intermunicipal\/wp-json\/wp\/v2\/tags?post=1428"}],"curies":[{"name":"wp","href":"https:\/\/api.w.org\/{rel}","templated":true}]}}