{"id":1385,"date":"2023-11-08T13:47:27","date_gmt":"2023-11-08T12:47:27","guid":{"rendered":"https:\/\/agora.xtec.cat\/ins-intermunicipal\/?p=1385"},"modified":"2023-11-08T13:49:52","modified_gmt":"2023-11-08T12:49:52","slug":"moreno-visita-laula-dintegracio-social","status":"publish","type":"post","link":"https:\/\/agora.xtec.cat\/ins-intermunicipal\/general\/moreno-visita-laula-dintegracio-social\/","title":{"rendered":"Moreno visita l&#8217;aula d&#8217;Integraci\u00f3 Social"},"content":{"rendered":"<p><a href=\"https:\/\/agora.xtec.cat\/ins-intermunicipal\/wp-content\/uploads\/usu2220\/2023\/11\/Moreno2.jpg\"><img loading=\"lazy\" decoding=\"async\" class=\"size-medium wp-image-1388 alignright\" src=\"https:\/\/agora.xtec.cat\/ins-intermunicipal\/wp-content\/uploads\/usu2220\/2023\/11\/Moreno2-300x300.jpg\" alt=\"\" width=\"300\" height=\"300\" srcset=\"https:\/\/agora.xtec.cat\/ins-intermunicipal\/wp-content\/uploads\/usu2220\/2023\/11\/Moreno2-300x300.jpg 300w, https:\/\/agora.xtec.cat\/ins-intermunicipal\/wp-content\/uploads\/usu2220\/2023\/11\/Moreno2-1024x1024.jpg 1024w, https:\/\/agora.xtec.cat\/ins-intermunicipal\/wp-content\/uploads\/usu2220\/2023\/11\/Moreno2-150x150.jpg 150w, https:\/\/agora.xtec.cat\/ins-intermunicipal\/wp-content\/uploads\/usu2220\/2023\/11\/Moreno2-768x768.jpg 768w, https:\/\/agora.xtec.cat\/ins-intermunicipal\/wp-content\/uploads\/usu2220\/2023\/11\/Moreno2-1536x1536.jpg 1536w, https:\/\/agora.xtec.cat\/ins-intermunicipal\/wp-content\/uploads\/usu2220\/2023\/11\/Moreno2.jpg 2048w\" sizes=\"auto, (max-width: 300px) 100vw, 300px\" \/><\/a>L&#8217;integrador Social, Joan Moreno, va visitar ahir l&#8217;aula del CFGS d&#8217;Integraci\u00f3 Social de primer curs per intercanviar experi\u00e8ncies de la professi\u00f3 amb l&#8217;alumnat. Moreno va compartir la seva experi\u00e8ncia laboral com a integrador en l&#8217;\u00e0mbit escolar en aquest centre educatiu, amb persones sense llar, amb un centre de menors, centres ocupacionals i dins un CRAE, espais on ha treballat al llarg de la seva carrera professional i on l&#8217;alumnat pot desenvolupar la seva vida laboral una vegada finalitzi la formaci\u00f3 a l&#8217;Institut Intermunicipal del Pened\u00e8s. Moreno va donar pistes sobre els recursos per cercar feina i va respondre tots els dubtes de l&#8217;alumnat.<\/p>\n<p>Gr\u00e0cies, Joan, per la teva amabilitat.<\/p>\n","protected":false},"excerpt":{"rendered":"<p><a href=\"https:\/\/agora.xtec.cat\/ins-intermunicipal\/wp-content\/uploads\/usu2220\/2023\/11\/Moreno2.jpg\"><\/a>L&#8217;integrador Social, Joan Moreno, va visitar ahir l&#8217;aula del CFGS d&#8217;Integraci\u00f3 Social de primer curs per intercanviar experi\u00e8ncies de la professi\u00f3 amb l&#8217;alumnat. Moreno va compartir la seva experi\u00e8ncia laboral com a integrador en l&#8217;\u00e0mbit escolar en aquest centre educatiu, amb persones sense llar,&hellip;  <a href=\"https:\/\/agora.xtec.cat\/ins-intermunicipal\/general\/moreno-visita-laula-dintegracio-social\/\" title=\"Read Moreno visita l&#8217;aula d&#8217;Integraci\u00f3 Social\">Llegeix m\u00e9s\u00bb<\/a><\/p>\n","protected":false},"author":8,"featured_media":1391,"comment_status":"closed","ping_status":"closed","sticky":false,"template":"","format":"standard","meta":{"_bbp_topic_count":0,"_bbp_reply_count":0,"_bbp_total_topic_count":0,"_bbp_total_reply_count":0,"_bbp_voice_count":0,"_bbp_anonymous_reply_count":0,"_bbp_topic_count_hidden":0,"_bbp_reply_count_hidden":0,"_bbp_forum_subforum_count":0,"footnotes":""},"categories":[30,1,29],"tags":[263],"class_list":["post-1385","post","type-post","status-publish","format-standard","has-post-thumbnail","hentry","category-formacio-professional","category-general","category-portada","tag-cfgs-dintegracio-social"],"post_mailing_queue_ids":[],"_links":{"self":[{"href":"https:\/\/agora.xtec.cat\/ins-intermunicipal\/wp-json\/wp\/v2\/posts\/1385","targetHints":{"allow":["GET"]}}],"collection":[{"href":"https:\/\/agora.xtec.cat\/ins-intermunicipal\/wp-json\/wp\/v2\/posts"}],"about":[{"href":"https:\/\/agora.xtec.cat\/ins-intermunicipal\/wp-json\/wp\/v2\/types\/post"}],"author":[{"embeddable":true,"href":"https:\/\/agora.xtec.cat\/ins-intermunicipal\/wp-json\/wp\/v2\/users\/8"}],"replies":[{"embeddable":true,"href":"https:\/\/agora.xtec.cat\/ins-intermunicipal\/wp-json\/wp\/v2\/comments?post=1385"}],"version-history":[{"count":3,"href":"https:\/\/agora.xtec.cat\/ins-intermunicipal\/wp-json\/wp\/v2\/posts\/1385\/revisions"}],"predecessor-version":[{"id":1390,"href":"https:\/\/agora.xtec.cat\/ins-intermunicipal\/wp-json\/wp\/v2\/posts\/1385\/revisions\/1390"}],"wp:featuredmedia":[{"embeddable":true,"href":"https:\/\/agora.xtec.cat\/ins-intermunicipal\/wp-json\/wp\/v2\/media\/1391"}],"wp:attachment":[{"href":"https:\/\/agora.xtec.cat\/ins-intermunicipal\/wp-json\/wp\/v2\/media?parent=1385"}],"wp:term":[{"taxonomy":"category","embeddable":true,"href":"https:\/\/agora.xtec.cat\/ins-intermunicipal\/wp-json\/wp\/v2\/categories?post=1385"},{"taxonomy":"post_tag","embeddable":true,"href":"https:\/\/agora.xtec.cat\/ins-intermunicipal\/wp-json\/wp\/v2\/tags?post=1385"}],"curies":[{"name":"wp","href":"https:\/\/api.w.org\/{rel}","templated":true}]}}