{"id":1377,"date":"2023-11-06T13:36:50","date_gmt":"2023-11-06T12:36:50","guid":{"rendered":"https:\/\/agora.xtec.cat\/ins-intermunicipal\/?p=1377"},"modified":"2023-11-06T13:36:50","modified_gmt":"2023-11-06T12:36:50","slug":"novetats-a-la-biblioteca","status":"publish","type":"post","link":"https:\/\/agora.xtec.cat\/ins-intermunicipal\/general\/novetats-a-la-biblioteca\/","title":{"rendered":"Novetats a la biblioteca"},"content":{"rendered":"<p style=\"text-align: justify;\">A la biblioteca de l&#8217;institut ens han arribat molt bones novetats: novel\u00b7les de diferents g\u00e8neres (fantasia, polic\u00edaca, rom\u00e0ntica, aventures, realista), c\u00f2mics\u00a0(europeu, hispanoameric\u00e0 i japon\u00e8s), poesia, i alguns llibres de coneixements (Punt de g\u00e8nere, biografia, inform\u00e0tica, sexualitat&#8230;). Us convidem que vingueu i els descobriu!<\/p>\n<p style=\"text-align: justify;\"><a href=\"https:\/\/agora.xtec.cat\/ins-intermunicipal\/wp-content\/uploads\/usu2220\/2023\/11\/FOTO-1-BE.jpg\"><img loading=\"lazy\" decoding=\"async\" class=\"wp-image-1378 aligncenter\" src=\"https:\/\/agora.xtec.cat\/ins-intermunicipal\/wp-content\/uploads\/usu2220\/2023\/11\/FOTO-1-BE.jpg\" alt=\"\" width=\"711\" height=\"400\" srcset=\"https:\/\/agora.xtec.cat\/ins-intermunicipal\/wp-content\/uploads\/usu2220\/2023\/11\/FOTO-1-BE.jpg 1000w, https:\/\/agora.xtec.cat\/ins-intermunicipal\/wp-content\/uploads\/usu2220\/2023\/11\/FOTO-1-BE-300x169.jpg 300w, https:\/\/agora.xtec.cat\/ins-intermunicipal\/wp-content\/uploads\/usu2220\/2023\/11\/FOTO-1-BE-768x432.jpg 768w\" sizes=\"auto, (max-width: 711px) 100vw, 711px\" \/><\/a><\/p>\n<p style=\"text-align: justify;\"><a href=\"https:\/\/agora.xtec.cat\/ins-intermunicipal\/wp-content\/uploads\/usu2220\/2023\/11\/FOTO-2-BE.jpg\"><img loading=\"lazy\" decoding=\"async\" class=\"wp-image-1379 aligncenter\" src=\"https:\/\/agora.xtec.cat\/ins-intermunicipal\/wp-content\/uploads\/usu2220\/2023\/11\/FOTO-2-BE.jpg\" alt=\"\" width=\"709\" height=\"399\" srcset=\"https:\/\/agora.xtec.cat\/ins-intermunicipal\/wp-content\/uploads\/usu2220\/2023\/11\/FOTO-2-BE.jpg 1000w, https:\/\/agora.xtec.cat\/ins-intermunicipal\/wp-content\/uploads\/usu2220\/2023\/11\/FOTO-2-BE-300x169.jpg 300w, https:\/\/agora.xtec.cat\/ins-intermunicipal\/wp-content\/uploads\/usu2220\/2023\/11\/FOTO-2-BE-768x432.jpg 768w\" sizes=\"auto, (max-width: 709px) 100vw, 709px\" \/><\/a><\/p>\n","protected":false},"excerpt":{"rendered":"<p>A la biblioteca de l&#8217;institut ens han arribat molt bones novetats: novel\u00b7les de diferents g\u00e8neres (fantasia, polic\u00edaca, rom\u00e0ntica, aventures, realista), c\u00f2mics\u00a0(europeu, hispanoameric\u00e0 i japon\u00e8s), poesia, i alguns llibres de coneixements (Punt de g\u00e8nere, biografia, inform\u00e0tica, sexualitat&#8230;). Us convidem que vingueu i els descobriu!<br \/>\n<a href=\"https:\/\/agora.xtec.cat\/ins-intermunicipal\/wp-content\/uploads\/usu2220\/2023\/11\/FOTO-1-BE.jpg\"><\/a><br \/>\n<a href=\"https:\/\/agora.xtec.cat\/ins-intermunicipal\/wp-content\/uploads\/usu2220\/2023\/11\/FOTO-2-BE.jpg\"><\/a><\/p>\n","protected":false},"author":7,"featured_media":1378,"comment_status":"closed","ping_status":"closed","sticky":false,"template":"","format":"standard","meta":{"_bbp_topic_count":0,"_bbp_reply_count":0,"_bbp_total_topic_count":0,"_bbp_total_reply_count":0,"_bbp_voice_count":0,"_bbp_anonymous_reply_count":0,"_bbp_topic_count_hidden":0,"_bbp_reply_count_hidden":0,"_bbp_forum_subforum_count":0,"footnotes":""},"categories":[8,3,30,1,29],"tags":[206,268],"class_list":["post-1377","post","type-post","status-publish","format-standard","has-post-thumbnail","hentry","category-bat","category-eso","category-formacio-professional","category-general","category-portada","tag-biblioteca","tag-novetats"],"post_mailing_queue_ids":[],"_links":{"self":[{"href":"https:\/\/agora.xtec.cat\/ins-intermunicipal\/wp-json\/wp\/v2\/posts\/1377","targetHints":{"allow":["GET"]}}],"collection":[{"href":"https:\/\/agora.xtec.cat\/ins-intermunicipal\/wp-json\/wp\/v2\/posts"}],"about":[{"href":"https:\/\/agora.xtec.cat\/ins-intermunicipal\/wp-json\/wp\/v2\/types\/post"}],"author":[{"embeddable":true,"href":"https:\/\/agora.xtec.cat\/ins-intermunicipal\/wp-json\/wp\/v2\/users\/7"}],"replies":[{"embeddable":true,"href":"https:\/\/agora.xtec.cat\/ins-intermunicipal\/wp-json\/wp\/v2\/comments?post=1377"}],"version-history":[{"count":2,"href":"https:\/\/agora.xtec.cat\/ins-intermunicipal\/wp-json\/wp\/v2\/posts\/1377\/revisions"}],"predecessor-version":[{"id":1381,"href":"https:\/\/agora.xtec.cat\/ins-intermunicipal\/wp-json\/wp\/v2\/posts\/1377\/revisions\/1381"}],"wp:featuredmedia":[{"embeddable":true,"href":"https:\/\/agora.xtec.cat\/ins-intermunicipal\/wp-json\/wp\/v2\/media\/1378"}],"wp:attachment":[{"href":"https:\/\/agora.xtec.cat\/ins-intermunicipal\/wp-json\/wp\/v2\/media?parent=1377"}],"wp:term":[{"taxonomy":"category","embeddable":true,"href":"https:\/\/agora.xtec.cat\/ins-intermunicipal\/wp-json\/wp\/v2\/categories?post=1377"},{"taxonomy":"post_tag","embeddable":true,"href":"https:\/\/agora.xtec.cat\/ins-intermunicipal\/wp-json\/wp\/v2\/tags?post=1377"}],"curies":[{"name":"wp","href":"https:\/\/api.w.org\/{rel}","templated":true}]}}