{"id":1342,"date":"2023-11-01T12:05:17","date_gmt":"2023-11-01T11:05:17","guid":{"rendered":"https:\/\/agora.xtec.cat\/ins-intermunicipal\/?p=1342"},"modified":"2023-11-02T19:21:02","modified_gmt":"2023-11-02T18:21:02","slug":"castanyes-moniatos-i-jocs-a-la-vora-del-foc","status":"publish","type":"post","link":"https:\/\/agora.xtec.cat\/ins-intermunicipal\/general\/castanyes-moniatos-i-jocs-a-la-vora-del-foc\/","title":{"rendered":"Castanyes, moniatos i jocs a la vora del foc"},"content":{"rendered":"<p>L&#8217;alumnat de Formaci\u00f3 Professional va tancar la jornada de dimecres, al pati, celebrant la festa de la Castanyada i recuperant velles tradicions.<\/p>\n<p>Els primers a arrencar la festa van ser l&#8217;alumnat de primer curs del CFGS d&#8217;Educaci\u00f3 Infantil que van dedicar temps a reflexionar sobre l&#8217;aprenentatge de les tradicions d&#8217;aquesta \u00e8poca de l&#8217;any a Educaci\u00f3 Infantil i es va engalanar per la can\u00e7\u00f3 i ball de &#8220;La castanyera&#8221; al pati del centre. Moments despr\u00e9s, s&#8217;aplegava tot l&#8217;alumnat al pati per participar en una festa organitzada per Vanessa, l&#8217;\u00e0nima de la Comissi\u00f3 de Festes, amb l&#8217;esfor\u00e7 de tot l&#8217;alumnat, que hi va participar i fer-ho possible i amb l&#8217;ajut de la Rosa de la deixalleria de Sant Sadurn\u00ed d&#8217;Anoia, que sempre est\u00e0 disposada a donar un cop de m\u00e0 i arremangar-se. Durant la vetllada, es van poder tastar moniatos i castanyes, acabades de coure, i fer petar la xerrada participant en diversos jocs. L&#8217;alumnat va xalar amb la tradicional competici\u00f3 d&#8217;estirar la corda i amb el joc de bitlles, que es va repartir per tot el centre. Destaquem la implicaci\u00f3 dels membres del Club de Bitlles de Sant Pere de Riudebitlles que es van despla\u00e7ar fins a l&#8217;Escola Intermunicipal per explicar el joc i parlar de la seva hist\u00f2ria, un joc amb arrels des de finals del segle XIV. La festa es va cloure amb el ritual d&#8217;escriure all\u00f2 que volem cremar i fer enrere, que ens va fer emocionar. Una festa pr\u00e8via a Tots Sants que vam viure i que va servir per trobar-nos, riure i xerrar fora de les aules, en un context de recuperaci\u00f3 de celebracions tradicionals.<\/p>\n<p><a href=\"https:\/\/agora.xtec.cat\/ins-intermunicipal\/wp-content\/uploads\/usu2220\/2023\/11\/foc.jpg\"><img loading=\"lazy\" decoding=\"async\" class=\"alignnone size-large wp-image-1345\" src=\"https:\/\/agora.xtec.cat\/ins-intermunicipal\/wp-content\/uploads\/usu2220\/2023\/11\/foc-1024x768.jpg\" alt=\"\" width=\"1024\" height=\"768\" srcset=\"https:\/\/agora.xtec.cat\/ins-intermunicipal\/wp-content\/uploads\/usu2220\/2023\/11\/foc-1024x768.jpg 1024w, https:\/\/agora.xtec.cat\/ins-intermunicipal\/wp-content\/uploads\/usu2220\/2023\/11\/foc-300x225.jpg 300w, https:\/\/agora.xtec.cat\/ins-intermunicipal\/wp-content\/uploads\/usu2220\/2023\/11\/foc-768x576.jpg 768w, https:\/\/agora.xtec.cat\/ins-intermunicipal\/wp-content\/uploads\/usu2220\/2023\/11\/foc-1536x1152.jpg 1536w, https:\/\/agora.xtec.cat\/ins-intermunicipal\/wp-content\/uploads\/usu2220\/2023\/11\/foc-200x150.jpg 200w, https:\/\/agora.xtec.cat\/ins-intermunicipal\/wp-content\/uploads\/usu2220\/2023\/11\/foc.jpg 2048w\" sizes=\"auto, (max-width: 1024px) 100vw, 1024px\" \/><\/a><\/p>\n<p><a href=\"https:\/\/agora.xtec.cat\/ins-intermunicipal\/wp-content\/uploads\/usu2220\/2023\/11\/AF2.jpg\"><img loading=\"lazy\" decoding=\"async\" class=\"alignnone size-medium wp-image-1349\" src=\"https:\/\/agora.xtec.cat\/ins-intermunicipal\/wp-content\/uploads\/usu2220\/2023\/11\/AF2-135x300.jpg\" alt=\"\" width=\"135\" height=\"300\" srcset=\"https:\/\/agora.xtec.cat\/ins-intermunicipal\/wp-content\/uploads\/usu2220\/2023\/11\/AF2-135x300.jpg 135w, https:\/\/agora.xtec.cat\/ins-intermunicipal\/wp-content\/uploads\/usu2220\/2023\/11\/AF2-461x1024.jpg 461w, https:\/\/agora.xtec.cat\/ins-intermunicipal\/wp-content\/uploads\/usu2220\/2023\/11\/AF2-691x1536.jpg 691w, https:\/\/agora.xtec.cat\/ins-intermunicipal\/wp-content\/uploads\/usu2220\/2023\/11\/AF2.jpg 720w\" sizes=\"auto, (max-width: 135px) 100vw, 135px\" \/><\/a><a href=\"https:\/\/agora.xtec.cat\/ins-intermunicipal\/wp-content\/uploads\/usu2220\/2023\/11\/moniatos.jpg\"><img loading=\"lazy\" decoding=\"async\" class=\"size-medium wp-image-1344 alignleft\" src=\"https:\/\/agora.xtec.cat\/ins-intermunicipal\/wp-content\/uploads\/usu2220\/2023\/11\/moniatos-225x300.jpg\" alt=\"\" width=\"225\" height=\"300\" srcset=\"https:\/\/agora.xtec.cat\/ins-intermunicipal\/wp-content\/uploads\/usu2220\/2023\/11\/moniatos-225x300.jpg 225w, https:\/\/agora.xtec.cat\/ins-intermunicipal\/wp-content\/uploads\/usu2220\/2023\/11\/moniatos-768x1024.jpg 768w, https:\/\/agora.xtec.cat\/ins-intermunicipal\/wp-content\/uploads\/usu2220\/2023\/11\/moniatos-1152x1536.jpg 1152w, https:\/\/agora.xtec.cat\/ins-intermunicipal\/wp-content\/uploads\/usu2220\/2023\/11\/moniatos.jpg 1536w\" sizes=\"auto, (max-width: 225px) 100vw, 225px\" \/><\/a><a href=\"https:\/\/agora.xtec.cat\/ins-intermunicipal\/wp-content\/uploads\/usu2220\/2023\/11\/castanyera.jpg\"><img loading=\"lazy\" decoding=\"async\" class=\"size-medium wp-image-1347 alignleft\" src=\"https:\/\/agora.xtec.cat\/ins-intermunicipal\/wp-content\/uploads\/usu2220\/2023\/11\/castanyera-300x169.jpg\" alt=\"\" width=\"300\" height=\"169\" srcset=\"https:\/\/agora.xtec.cat\/ins-intermunicipal\/wp-content\/uploads\/usu2220\/2023\/11\/castanyera-300x169.jpg 300w, https:\/\/agora.xtec.cat\/ins-intermunicipal\/wp-content\/uploads\/usu2220\/2023\/11\/castanyera-1024x576.jpg 1024w, https:\/\/agora.xtec.cat\/ins-intermunicipal\/wp-content\/uploads\/usu2220\/2023\/11\/castanyera-768x432.jpg 768w, https:\/\/agora.xtec.cat\/ins-intermunicipal\/wp-content\/uploads\/usu2220\/2023\/11\/castanyera-1536x864.jpg 1536w, https:\/\/agora.xtec.cat\/ins-intermunicipal\/wp-content\/uploads\/usu2220\/2023\/11\/castanyera.jpg 2016w\" sizes=\"auto, (max-width: 300px) 100vw, 300px\" \/><\/a><a href=\"https:\/\/agora.xtec.cat\/ins-intermunicipal\/wp-content\/uploads\/usu2220\/2023\/11\/EI1.jpg\"><img loading=\"lazy\" decoding=\"async\" class=\"size-medium wp-image-1346 alignleft\" src=\"https:\/\/agora.xtec.cat\/ins-intermunicipal\/wp-content\/uploads\/usu2220\/2023\/11\/EI1-300x135.jpg\" alt=\"\" width=\"300\" height=\"135\" srcset=\"https:\/\/agora.xtec.cat\/ins-intermunicipal\/wp-content\/uploads\/usu2220\/2023\/11\/EI1-300x135.jpg 300w, https:\/\/agora.xtec.cat\/ins-intermunicipal\/wp-content\/uploads\/usu2220\/2023\/11\/EI1-768x346.jpg 768w, https:\/\/agora.xtec.cat\/ins-intermunicipal\/wp-content\/uploads\/usu2220\/2023\/11\/EI1.jpg 800w\" sizes=\"auto, (max-width: 300px) 100vw, 300px\" \/><\/a><a href=\"https:\/\/agora.xtec.cat\/ins-intermunicipal\/wp-content\/uploads\/usu2220\/2023\/11\/bitlles.jpg\"><img loading=\"lazy\" decoding=\"async\" class=\"size-medium wp-image-1348 alignleft\" src=\"https:\/\/agora.xtec.cat\/ins-intermunicipal\/wp-content\/uploads\/usu2220\/2023\/11\/bitlles-300x225.jpg\" alt=\"\" width=\"300\" height=\"225\" srcset=\"https:\/\/agora.xtec.cat\/ins-intermunicipal\/wp-content\/uploads\/usu2220\/2023\/11\/bitlles-300x225.jpg 300w, https:\/\/agora.xtec.cat\/ins-intermunicipal\/wp-content\/uploads\/usu2220\/2023\/11\/bitlles-1024x768.jpg 1024w, https:\/\/agora.xtec.cat\/ins-intermunicipal\/wp-content\/uploads\/usu2220\/2023\/11\/bitlles-768x576.jpg 768w, https:\/\/agora.xtec.cat\/ins-intermunicipal\/wp-content\/uploads\/usu2220\/2023\/11\/bitlles-1536x1152.jpg 1536w, https:\/\/agora.xtec.cat\/ins-intermunicipal\/wp-content\/uploads\/usu2220\/2023\/11\/bitlles-200x150.jpg 200w, https:\/\/agora.xtec.cat\/ins-intermunicipal\/wp-content\/uploads\/usu2220\/2023\/11\/bitlles.jpg 2048w\" sizes=\"auto, (max-width: 300px) 100vw, 300px\" \/><\/a><a href=\"https:\/\/agora.xtec.cat\/ins-intermunicipal\/wp-content\/uploads\/usu2220\/2023\/11\/organitzant.jpg\"><img loading=\"lazy\" decoding=\"async\" class=\"size-medium wp-image-1343 alignleft\" src=\"https:\/\/agora.xtec.cat\/ins-intermunicipal\/wp-content\/uploads\/usu2220\/2023\/11\/organitzant-300x225.jpg\" alt=\"\" width=\"300\" height=\"225\" srcset=\"https:\/\/agora.xtec.cat\/ins-intermunicipal\/wp-content\/uploads\/usu2220\/2023\/11\/organitzant-300x225.jpg 300w, https:\/\/agora.xtec.cat\/ins-intermunicipal\/wp-content\/uploads\/usu2220\/2023\/11\/organitzant-1024x768.jpg 1024w, https:\/\/agora.xtec.cat\/ins-intermunicipal\/wp-content\/uploads\/usu2220\/2023\/11\/organitzant-768x576.jpg 768w, https:\/\/agora.xtec.cat\/ins-intermunicipal\/wp-content\/uploads\/usu2220\/2023\/11\/organitzant-1536x1152.jpg 1536w, https:\/\/agora.xtec.cat\/ins-intermunicipal\/wp-content\/uploads\/usu2220\/2023\/11\/organitzant-200x150.jpg 200w, https:\/\/agora.xtec.cat\/ins-intermunicipal\/wp-content\/uploads\/usu2220\/2023\/11\/organitzant.jpg 2048w\" sizes=\"auto, (max-width: 300px) 100vw, 300px\" \/><\/a><\/p>\n","protected":false},"excerpt":{"rendered":"<p>L&#8217;alumnat de Formaci\u00f3 Professional va tancar la jornada de dimecres, al pati, celebrant la festa de la Castanyada i recuperant velles tradicions.<br \/>\nEls primers a arrencar la festa van ser l&#8217;alumnat de primer curs del CFGS d&#8217;Educaci\u00f3 Infantil que van dedicar temps a reflexionar sobre l&#8217;aprenentatge&hellip;  <a href=\"https:\/\/agora.xtec.cat\/ins-intermunicipal\/general\/castanyes-moniatos-i-jocs-a-la-vora-del-foc\/\" title=\"Read Castanyes, moniatos i jocs a la vora del foc\">Llegeix m\u00e9s\u00bb<\/a><\/p>\n","protected":false},"author":8,"featured_media":1345,"comment_status":"closed","ping_status":"closed","sticky":false,"template":"","format":"standard","meta":{"_bbp_topic_count":0,"_bbp_reply_count":0,"_bbp_total_topic_count":0,"_bbp_total_reply_count":0,"_bbp_voice_count":0,"_bbp_anonymous_reply_count":0,"_bbp_topic_count_hidden":0,"_bbp_reply_count_hidden":0,"_bbp_forum_subforum_count":0,"footnotes":""},"categories":[30,1,29],"tags":[183],"class_list":["post-1342","post","type-post","status-publish","format-standard","has-post-thumbnail","hentry","category-formacio-professional","category-general","category-portada","tag-fp"],"post_mailing_queue_ids":[],"_links":{"self":[{"href":"https:\/\/agora.xtec.cat\/ins-intermunicipal\/wp-json\/wp\/v2\/posts\/1342","targetHints":{"allow":["GET"]}}],"collection":[{"href":"https:\/\/agora.xtec.cat\/ins-intermunicipal\/wp-json\/wp\/v2\/posts"}],"about":[{"href":"https:\/\/agora.xtec.cat\/ins-intermunicipal\/wp-json\/wp\/v2\/types\/post"}],"author":[{"embeddable":true,"href":"https:\/\/agora.xtec.cat\/ins-intermunicipal\/wp-json\/wp\/v2\/users\/8"}],"replies":[{"embeddable":true,"href":"https:\/\/agora.xtec.cat\/ins-intermunicipal\/wp-json\/wp\/v2\/comments?post=1342"}],"version-history":[{"count":3,"href":"https:\/\/agora.xtec.cat\/ins-intermunicipal\/wp-json\/wp\/v2\/posts\/1342\/revisions"}],"predecessor-version":[{"id":1352,"href":"https:\/\/agora.xtec.cat\/ins-intermunicipal\/wp-json\/wp\/v2\/posts\/1342\/revisions\/1352"}],"wp:featuredmedia":[{"embeddable":true,"href":"https:\/\/agora.xtec.cat\/ins-intermunicipal\/wp-json\/wp\/v2\/media\/1345"}],"wp:attachment":[{"href":"https:\/\/agora.xtec.cat\/ins-intermunicipal\/wp-json\/wp\/v2\/media?parent=1342"}],"wp:term":[{"taxonomy":"category","embeddable":true,"href":"https:\/\/agora.xtec.cat\/ins-intermunicipal\/wp-json\/wp\/v2\/categories?post=1342"},{"taxonomy":"post_tag","embeddable":true,"href":"https:\/\/agora.xtec.cat\/ins-intermunicipal\/wp-json\/wp\/v2\/tags?post=1342"}],"curies":[{"name":"wp","href":"https:\/\/api.w.org\/{rel}","templated":true}]}}