{"id":1295,"date":"2023-10-27T16:56:35","date_gmt":"2023-10-27T14:56:35","guid":{"rendered":"https:\/\/agora.xtec.cat\/ins-intermunicipal\/?p=1295"},"modified":"2023-10-27T16:56:35","modified_gmt":"2023-10-27T14:56:35","slug":"ofertes-de-feina-27-doctubre","status":"publish","type":"post","link":"https:\/\/agora.xtec.cat\/ins-intermunicipal\/formacio-professional\/feina-fp\/ofertes-de-feina-27-doctubre\/","title":{"rendered":"Ofertes de feina 27 d&#8217;octubre"},"content":{"rendered":"<p>Compartim amb vosaltres el llistat d&#8217;<a href=\"https:\/\/drive.google.com\/file\/d\/1_2qT6wK6eMJYNbA5gg1bKwTIGr9iXgPo\/view?usp=sharing\">ofertes de feina<\/a> que elabora setmanalment l&#8217;Oficina Municipal de Vilafranca del Pened\u00e8s i ens fa saber cada setmana. Trobareu propostes per a l&#8217;alumnat que disposa d&#8217;un t\u00edtol de Formaci\u00f3 Professional, com els que impartim a l&#8217;Escola Intermunicipal del Pened\u00e8s.<\/p>\n","protected":false},"excerpt":{"rendered":"<p>Compartim amb vosaltres el llistat d&#8217;<a href=\"https:\/\/drive.google.com\/file\/d\/1_2qT6wK6eMJYNbA5gg1bKwTIGr9iXgPo\/view?usp=sharing\">ofertes de feina<\/a> que elabora setmanalment l&#8217;Oficina Municipal de Vilafranca del Pened\u00e8s i ens fa saber cada setmana. Trobareu propostes per a l&#8217;alumnat que disposa d&#8217;un t\u00edtol de Formaci\u00f3 Professional, com els que impartim a l&#8217;Escola Intermunicipal del Pened\u00e8s.<\/p>\n","protected":false},"author":8,"featured_media":0,"comment_status":"closed","ping_status":"closed","sticky":false,"template":"","format":"standard","meta":{"_bbp_topic_count":0,"_bbp_reply_count":0,"_bbp_total_topic_count":0,"_bbp_total_reply_count":0,"_bbp_voice_count":0,"_bbp_anonymous_reply_count":0,"_bbp_topic_count_hidden":0,"_bbp_reply_count_hidden":0,"_bbp_forum_subforum_count":0,"footnotes":""},"categories":[189],"tags":[218,183],"class_list":["post-1295","post","type-post","status-publish","format-standard","hentry","category-feina-fp","tag-alt-penedes","tag-fp"],"post_mailing_queue_ids":[],"_links":{"self":[{"href":"https:\/\/agora.xtec.cat\/ins-intermunicipal\/wp-json\/wp\/v2\/posts\/1295","targetHints":{"allow":["GET"]}}],"collection":[{"href":"https:\/\/agora.xtec.cat\/ins-intermunicipal\/wp-json\/wp\/v2\/posts"}],"about":[{"href":"https:\/\/agora.xtec.cat\/ins-intermunicipal\/wp-json\/wp\/v2\/types\/post"}],"author":[{"embeddable":true,"href":"https:\/\/agora.xtec.cat\/ins-intermunicipal\/wp-json\/wp\/v2\/users\/8"}],"replies":[{"embeddable":true,"href":"https:\/\/agora.xtec.cat\/ins-intermunicipal\/wp-json\/wp\/v2\/comments?post=1295"}],"version-history":[{"count":1,"href":"https:\/\/agora.xtec.cat\/ins-intermunicipal\/wp-json\/wp\/v2\/posts\/1295\/revisions"}],"predecessor-version":[{"id":1296,"href":"https:\/\/agora.xtec.cat\/ins-intermunicipal\/wp-json\/wp\/v2\/posts\/1295\/revisions\/1296"}],"wp:attachment":[{"href":"https:\/\/agora.xtec.cat\/ins-intermunicipal\/wp-json\/wp\/v2\/media?parent=1295"}],"wp:term":[{"taxonomy":"category","embeddable":true,"href":"https:\/\/agora.xtec.cat\/ins-intermunicipal\/wp-json\/wp\/v2\/categories?post=1295"},{"taxonomy":"post_tag","embeddable":true,"href":"https:\/\/agora.xtec.cat\/ins-intermunicipal\/wp-json\/wp\/v2\/tags?post=1295"}],"curies":[{"name":"wp","href":"https:\/\/api.w.org\/{rel}","templated":true}]}}