{"id":1287,"date":"2023-10-27T13:25:24","date_gmt":"2023-10-27T11:25:24","guid":{"rendered":"https:\/\/agora.xtec.cat\/ins-intermunicipal\/?p=1287"},"modified":"2023-10-27T13:30:40","modified_gmt":"2023-10-27T11:30:40","slug":"shan-de-prohibir-els-mobils","status":"publish","type":"post","link":"https:\/\/agora.xtec.cat\/ins-intermunicipal\/general\/shan-de-prohibir-els-mobils\/","title":{"rendered":"S&#8217;han de prohibir els m\u00f2bils?"},"content":{"rendered":"<p align=\"justify\"><a href=\"https:\/\/agora.xtec.cat\/ins-intermunicipal\/wp-content\/uploads\/usu2220\/2023\/10\/20231027_131004-scaled.jpg\"><img loading=\"lazy\" decoding=\"async\" class=\"wp-image-1290 alignleft\" src=\"https:\/\/agora.xtec.cat\/ins-intermunicipal\/wp-content\/uploads\/usu2220\/2023\/10\/20231027_131004-scaled.jpg\" alt=\"\" width=\"378\" height=\"244\" srcset=\"https:\/\/agora.xtec.cat\/ins-intermunicipal\/wp-content\/uploads\/usu2220\/2023\/10\/20231027_131004-scaled.jpg 2560w, https:\/\/agora.xtec.cat\/ins-intermunicipal\/wp-content\/uploads\/usu2220\/2023\/10\/20231027_131004-300x194.jpg 300w, https:\/\/agora.xtec.cat\/ins-intermunicipal\/wp-content\/uploads\/usu2220\/2023\/10\/20231027_131004-1024x662.jpg 1024w, https:\/\/agora.xtec.cat\/ins-intermunicipal\/wp-content\/uploads\/usu2220\/2023\/10\/20231027_131004-768x497.jpg 768w, https:\/\/agora.xtec.cat\/ins-intermunicipal\/wp-content\/uploads\/usu2220\/2023\/10\/20231027_131004-1536x994.jpg 1536w, https:\/\/agora.xtec.cat\/ins-intermunicipal\/wp-content\/uploads\/usu2220\/2023\/10\/20231027_131004-2048x1325.jpg 2048w\" sizes=\"auto, (max-width: 378px) 100vw, 378px\" \/><\/a>Mentre bull el debat sobre la idone\u00eftat o no de donar m\u00f2bils als nens i adolescents i sobre l\u2019acc\u00e9s lliure d\u2019aquests als continguts que corren per Internet, hi ha algunes veus autoritzades que hi diuen la seva. Doncs b\u00e9, abans d\u2019opinar de manera impulsiva, llegir qu\u00e8 ens diuen ens pot ajudar a fer-nos una opini\u00f3 m\u00e9s raonada sobre la q\u00fcesti\u00f3. \u00c9s per aix\u00f2 que deixem aqu\u00ed dos articles que cal llegir per entendre quins poden ser els efectes d\u2019Internet i els m\u00f2bils durant el per\u00edode de formaci\u00f3 de les persones.<\/p>\n<p align=\"justify\">El primer dels dos el signa en Francisco Villar, psic\u00f2leg cl\u00ednic i director del Programa d\u2019Atenci\u00f3 a la Conducta Su\u00efcida del Menor a l\u2019Hospital de Sant Joan de D\u00e9u de Barcelona. Es titula <b>Hay que prohibir los m\u00f3viles hasta los 16 a\u00f1os<\/b> i el podeu llegir <a href=\"https:\/\/thefamilywatch.org\/wp-content\/uploads\/22-10-23-El-Pais_231023_140209-1.pdf\" target=\"_blank\" rel=\"noopener\">aqu\u00ed<\/a>. L\u2019altre \u00e9s obra de l\u2019escriptor David Cerd\u00e1, es titula <b>El digital s\u00edndrome de Di\u00f3genes<\/b> i el podeu llegir en <a href=\"https:\/\/www.almendron.com\/tribuna\/el-digital-sindrome-de-diogenes\/\">aquest enlla\u00e7. <\/a>Tots dos ens donen visions que potser no ten\u00edem, llegim-los i pensem-hi.<\/p>\n","protected":false},"excerpt":{"rendered":"<p><a href=\"https:\/\/agora.xtec.cat\/ins-intermunicipal\/wp-content\/uploads\/usu2220\/2023\/10\/20231027_131004-scaled.jpg\"><\/a>Mentre bull el debat sobre la idone\u00eftat o no de donar m\u00f2bils als nens i adolescents i sobre l\u2019acc\u00e9s lliure d\u2019aquests als continguts que corren per Internet, hi ha algunes veus autoritzades que hi diuen la seva. Doncs b\u00e9, abans d\u2019opinar de manera impulsiva,&hellip;  <a href=\"https:\/\/agora.xtec.cat\/ins-intermunicipal\/general\/shan-de-prohibir-els-mobils\/\" title=\"Read S&#8217;han de prohibir els m\u00f2bils?\">Llegeix m\u00e9s\u00bb<\/a><\/p>\n","protected":false},"author":7,"featured_media":1290,"comment_status":"closed","ping_status":"closed","sticky":false,"template":"","format":"standard","meta":{"_bbp_topic_count":0,"_bbp_reply_count":0,"_bbp_total_topic_count":0,"_bbp_total_reply_count":0,"_bbp_voice_count":0,"_bbp_anonymous_reply_count":0,"_bbp_topic_count_hidden":0,"_bbp_reply_count_hidden":0,"_bbp_forum_subforum_count":0,"footnotes":""},"categories":[1,29],"tags":[255,258,257,231,256],"class_list":["post-1287","post","type-post","status-publish","format-standard","has-post-thumbnail","hentry","category-general","category-portada","tag-adolescents","tag-david-cerda","tag-francisco-villar","tag-internet","tag-mobils"],"post_mailing_queue_ids":[],"_links":{"self":[{"href":"https:\/\/agora.xtec.cat\/ins-intermunicipal\/wp-json\/wp\/v2\/posts\/1287","targetHints":{"allow":["GET"]}}],"collection":[{"href":"https:\/\/agora.xtec.cat\/ins-intermunicipal\/wp-json\/wp\/v2\/posts"}],"about":[{"href":"https:\/\/agora.xtec.cat\/ins-intermunicipal\/wp-json\/wp\/v2\/types\/post"}],"author":[{"embeddable":true,"href":"https:\/\/agora.xtec.cat\/ins-intermunicipal\/wp-json\/wp\/v2\/users\/7"}],"replies":[{"embeddable":true,"href":"https:\/\/agora.xtec.cat\/ins-intermunicipal\/wp-json\/wp\/v2\/comments?post=1287"}],"version-history":[{"count":6,"href":"https:\/\/agora.xtec.cat\/ins-intermunicipal\/wp-json\/wp\/v2\/posts\/1287\/revisions"}],"predecessor-version":[{"id":1294,"href":"https:\/\/agora.xtec.cat\/ins-intermunicipal\/wp-json\/wp\/v2\/posts\/1287\/revisions\/1294"}],"wp:featuredmedia":[{"embeddable":true,"href":"https:\/\/agora.xtec.cat\/ins-intermunicipal\/wp-json\/wp\/v2\/media\/1290"}],"wp:attachment":[{"href":"https:\/\/agora.xtec.cat\/ins-intermunicipal\/wp-json\/wp\/v2\/media?parent=1287"}],"wp:term":[{"taxonomy":"category","embeddable":true,"href":"https:\/\/agora.xtec.cat\/ins-intermunicipal\/wp-json\/wp\/v2\/categories?post=1287"},{"taxonomy":"post_tag","embeddable":true,"href":"https:\/\/agora.xtec.cat\/ins-intermunicipal\/wp-json\/wp\/v2\/tags?post=1287"}],"curies":[{"name":"wp","href":"https:\/\/api.w.org\/{rel}","templated":true}]}}