{"id":1278,"date":"2023-10-26T19:35:06","date_gmt":"2023-10-26T17:35:06","guid":{"rendered":"https:\/\/agora.xtec.cat\/ins-intermunicipal\/?p=1278"},"modified":"2023-10-26T19:57:16","modified_gmt":"2023-10-26T17:57:16","slug":"descobrint-els-recursos-de-la-biblioteca-de-sant-sadurni-danoia","status":"publish","type":"post","link":"https:\/\/agora.xtec.cat\/ins-intermunicipal\/general\/descobrint-els-recursos-de-la-biblioteca-de-sant-sadurni-danoia\/","title":{"rendered":"Descobrint els recursos de la biblioteca de Sant Sadurn\u00ed d&#8217;Anoia"},"content":{"rendered":"<p>L&#8217;alumnat de primer curs del CFGS d&#8217;Educaci\u00f3 Infantil ha visitat, com es fa des de fa molts anys, la Biblioteca Ramon Bosch de Noya, de Sant Sadurn\u00ed d&#8217;Anoia. Amb aquestes visites, l&#8217;alumnat coneix<span style=\"font-family: inherit; font-size: 1em;\"> els serveis de la biblioteca en general i sobretot, els recursos i activitats que es duen a terme des de la sala infantil, amb infants i fam\u00edlies i amb les Llars d&#8217;infants del municipi. Una aproximaci\u00f3, tamb\u00e9, a la literatura infantil i la seva aplicaci\u00f3 amb infants.<\/span><\/p>\n<p><a href=\"https:\/\/agora.xtec.cat\/ins-intermunicipal\/wp-content\/uploads\/usu2220\/2023\/10\/EI-scaled.jpg\"><img loading=\"lazy\" decoding=\"async\" class=\"alignnone size-large wp-image-1279\" src=\"https:\/\/agora.xtec.cat\/ins-intermunicipal\/wp-content\/uploads\/usu2220\/2023\/10\/EI-1024x1024.jpg\" alt=\"\" width=\"1024\" height=\"1024\" srcset=\"https:\/\/agora.xtec.cat\/ins-intermunicipal\/wp-content\/uploads\/usu2220\/2023\/10\/EI-1024x1024.jpg 1024w, https:\/\/agora.xtec.cat\/ins-intermunicipal\/wp-content\/uploads\/usu2220\/2023\/10\/EI-300x300.jpg 300w, https:\/\/agora.xtec.cat\/ins-intermunicipal\/wp-content\/uploads\/usu2220\/2023\/10\/EI-150x150.jpg 150w, https:\/\/agora.xtec.cat\/ins-intermunicipal\/wp-content\/uploads\/usu2220\/2023\/10\/EI-768x768.jpg 768w, https:\/\/agora.xtec.cat\/ins-intermunicipal\/wp-content\/uploads\/usu2220\/2023\/10\/EI-1536x1536.jpg 1536w, https:\/\/agora.xtec.cat\/ins-intermunicipal\/wp-content\/uploads\/usu2220\/2023\/10\/EI-2048x2048.jpg 2048w\" sizes=\"auto, (max-width: 1024px) 100vw, 1024px\" \/><\/a><\/p>\n","protected":false},"excerpt":{"rendered":"<p>L&#8217;alumnat de primer curs del CFGS d&#8217;Educaci\u00f3 Infantil ha visitat, com es fa des de fa molts anys, la Biblioteca Ramon Bosch de Noya, de Sant Sadurn\u00ed d&#8217;Anoia. Amb aquestes visites, l&#8217;alumnat coneix els serveis de la biblioteca en general i sobretot, els recursos i&hellip;  <a href=\"https:\/\/agora.xtec.cat\/ins-intermunicipal\/general\/descobrint-els-recursos-de-la-biblioteca-de-sant-sadurni-danoia\/\" title=\"Read Descobrint els recursos de la biblioteca de Sant Sadurn\u00ed d&#8217;Anoia\">Llegeix m\u00e9s\u00bb<\/a><\/p>\n","protected":false},"author":8,"featured_media":1279,"comment_status":"closed","ping_status":"closed","sticky":false,"template":"","format":"standard","meta":{"_bbp_topic_count":0,"_bbp_reply_count":0,"_bbp_total_topic_count":0,"_bbp_total_reply_count":0,"_bbp_voice_count":0,"_bbp_anonymous_reply_count":0,"_bbp_topic_count_hidden":0,"_bbp_reply_count_hidden":0,"_bbp_forum_subforum_count":0,"footnotes":""},"categories":[30,1,29],"tags":[252,212],"class_list":["post-1278","post","type-post","status-publish","format-standard","has-post-thumbnail","hentry","category-formacio-professional","category-general","category-portada","tag-cfgs-deducacio-infantil","tag-sant-sadurni-danoia"],"post_mailing_queue_ids":[],"_links":{"self":[{"href":"https:\/\/agora.xtec.cat\/ins-intermunicipal\/wp-json\/wp\/v2\/posts\/1278","targetHints":{"allow":["GET"]}}],"collection":[{"href":"https:\/\/agora.xtec.cat\/ins-intermunicipal\/wp-json\/wp\/v2\/posts"}],"about":[{"href":"https:\/\/agora.xtec.cat\/ins-intermunicipal\/wp-json\/wp\/v2\/types\/post"}],"author":[{"embeddable":true,"href":"https:\/\/agora.xtec.cat\/ins-intermunicipal\/wp-json\/wp\/v2\/users\/8"}],"replies":[{"embeddable":true,"href":"https:\/\/agora.xtec.cat\/ins-intermunicipal\/wp-json\/wp\/v2\/comments?post=1278"}],"version-history":[{"count":3,"href":"https:\/\/agora.xtec.cat\/ins-intermunicipal\/wp-json\/wp\/v2\/posts\/1278\/revisions"}],"predecessor-version":[{"id":1286,"href":"https:\/\/agora.xtec.cat\/ins-intermunicipal\/wp-json\/wp\/v2\/posts\/1278\/revisions\/1286"}],"wp:featuredmedia":[{"embeddable":true,"href":"https:\/\/agora.xtec.cat\/ins-intermunicipal\/wp-json\/wp\/v2\/media\/1279"}],"wp:attachment":[{"href":"https:\/\/agora.xtec.cat\/ins-intermunicipal\/wp-json\/wp\/v2\/media?parent=1278"}],"wp:term":[{"taxonomy":"category","embeddable":true,"href":"https:\/\/agora.xtec.cat\/ins-intermunicipal\/wp-json\/wp\/v2\/categories?post=1278"},{"taxonomy":"post_tag","embeddable":true,"href":"https:\/\/agora.xtec.cat\/ins-intermunicipal\/wp-json\/wp\/v2\/tags?post=1278"}],"curies":[{"name":"wp","href":"https:\/\/api.w.org\/{rel}","templated":true}]}}