{"id":1264,"date":"2023-10-24T13:03:48","date_gmt":"2023-10-24T11:03:48","guid":{"rendered":"https:\/\/agora.xtec.cat\/ins-intermunicipal\/?p=1264"},"modified":"2023-10-24T13:19:23","modified_gmt":"2023-10-24T11:19:23","slug":"sobre-la-biblioteca-de-linter","status":"publish","type":"post","link":"https:\/\/agora.xtec.cat\/ins-intermunicipal\/general\/sobre-la-biblioteca-de-linter\/","title":{"rendered":"S&#8217;obre la biblioteca de l&#8217;\u00cdnter"},"content":{"rendered":"<p style=\"text-align: justify;\"><span style=\"font-family: Arial, Helvetica, sans-serif; font-size: medium;\"><a href=\"https:\/\/agora.xtec.cat\/ins-intermunicipal\/wp-content\/uploads\/usu2220\/2023\/10\/20231024_092741-2.jpg\"><img loading=\"lazy\" decoding=\"async\" class=\"wp-image-1256 alignleft\" src=\"https:\/\/agora.xtec.cat\/ins-intermunicipal\/wp-content\/uploads\/usu2220\/2023\/10\/20231024_092741-2.jpg\" alt=\"\" width=\"321\" height=\"241\" srcset=\"https:\/\/agora.xtec.cat\/ins-intermunicipal\/wp-content\/uploads\/usu2220\/2023\/10\/20231024_092741-2.jpg 900w, https:\/\/agora.xtec.cat\/ins-intermunicipal\/wp-content\/uploads\/usu2220\/2023\/10\/20231024_092741-2-300x225.jpg 300w, https:\/\/agora.xtec.cat\/ins-intermunicipal\/wp-content\/uploads\/usu2220\/2023\/10\/20231024_092741-2-768x576.jpg 768w, https:\/\/agora.xtec.cat\/ins-intermunicipal\/wp-content\/uploads\/usu2220\/2023\/10\/20231024_092741-2-200x150.jpg 200w\" sizes=\"auto, (max-width: 321px) 100vw, 321px\" \/><\/a><a href=\"https:\/\/agora.xtec.cat\/ins-intermunicipal\/wp-content\/uploads\/usu2220\/2023\/10\/2023_biblioteca.4.jpg\"><img loading=\"lazy\" decoding=\"async\" class=\"wp-image-1255 alignleft\" src=\"https:\/\/agora.xtec.cat\/ins-intermunicipal\/wp-content\/uploads\/usu2220\/2023\/10\/2023_biblioteca.4.jpg\" alt=\"\" width=\"427\" height=\"240\" srcset=\"https:\/\/agora.xtec.cat\/ins-intermunicipal\/wp-content\/uploads\/usu2220\/2023\/10\/2023_biblioteca.4.jpg 2048w, https:\/\/agora.xtec.cat\/ins-intermunicipal\/wp-content\/uploads\/usu2220\/2023\/10\/2023_biblioteca.4-300x169.jpg 300w, https:\/\/agora.xtec.cat\/ins-intermunicipal\/wp-content\/uploads\/usu2220\/2023\/10\/2023_biblioteca.4-1024x576.jpg 1024w, https:\/\/agora.xtec.cat\/ins-intermunicipal\/wp-content\/uploads\/usu2220\/2023\/10\/2023_biblioteca.4-768x432.jpg 768w, https:\/\/agora.xtec.cat\/ins-intermunicipal\/wp-content\/uploads\/usu2220\/2023\/10\/2023_biblioteca.4-1536x864.jpg 1536w\" sizes=\"auto, (max-width: 427px) 100vw, 427px\" \/><\/a>Coincidint que el 24 d&#8217;octubre \u00e9s el Dia de les Biblioteques en record de la destrucci\u00f3 de la biblioteca de Sarajevo el 1992 durant la guerra de B\u00f2snia<\/span><span style=\"font-family: Arial, Helvetica, sans-serif; font-size: medium;\">, us podem anunciar que a l&#8217;Institut Intermunicipal del Pened\u00e8s ja tenim oberta la nova biblioteca. De moment ser\u00e0 oberta durant les hores del pati i tamb\u00e9 les hores anterior i posterior al pati.<\/span><\/p>\n<p style=\"text-align: justify;\">Ja s&#8217;han comen\u00e7at a fer feines de catalogaci\u00f3 de llibres i d&#8217;ordenaci\u00f3 de l&#8217;espai i ara mateix, tamb\u00e9 s&#8217;hi pot trobar\u00a0<span style=\"font-family: Arial, Helvetica, sans-serif; font-size: medium;\">una selecci\u00f3 de lectures variades (c\u00f2mic, novel\u00b7la gr\u00e0fica, experi\u00e8ncies personals i novel\u00b7la) per oferir una mirada sobre guerres i conflictes, i reflexionar-hi, amb els seg\u00fcents t\u00edtols:<\/span><span style=\"color: #222222;\"><span style=\"font-family: Arial, Helvetica, sans-serif;\"><span style=\"font-size: medium;\">\u00a0<i>Palestina <\/i>de Joe Sacco, <\/span><\/span><\/span><span style=\"color: #222222;\"><span style=\"font-family: Arial, Helvetica, sans-serif;\"><span style=\"font-size: medium;\"><i>Cr\u00f3nicas de Jerusal\u00e9n <\/i>de Guy Delisle, <\/span><\/span><\/span><span style=\"color: #222222;\"><span style=\"font-family: Arial, Helvetica, sans-serif;\"><span style=\"font-size: medium;\"><i>L&#8217;enemic<\/i> de Davide Cali, <\/span><\/span><\/span><span style=\"color: #222222;\"><span style=\"font-family: Arial, Helvetica, sans-serif;\"><span style=\"font-size: medium;\"><i>Somiant la pau<\/i> de Nadia Ghulam, <\/span><\/span><\/span><span style=\"color: #222222;\"><span style=\"font-family: Arial, Helvetica, sans-serif;\"><span style=\"font-size: medium;\"><i>Victoriosa<\/i> de Yishai Sarid,\u00a0<\/span><\/span><\/span><span style=\"color: #222222;\"><span style=\"font-family: Arial, Helvetica, sans-serif;\"><span style=\"font-size: medium;\"><i>Dones Valentes<\/i> de Txell Feixas, <\/span><\/span><\/span><span style=\"color: #222222;\"><span style=\"font-family: Arial, Helvetica, sans-serif;\"><span style=\"font-size: medium;\"><i>Aliades<\/i> de Txell Feixas,\u00a0<\/span><\/span><\/span><span style=\"color: #222222;\"><span style=\"font-family: Arial, Helvetica, sans-serif;\"><span style=\"font-size: medium;\"><i>I si estigu\u00e9ssim en guerra<\/i> de Janne Teller, <\/span><\/span><\/span><span style=\"color: #222222;\"><span style=\"font-family: Arial, Helvetica, sans-serif;\"><span style=\"font-size: medium;\"><i>Pers\u00e8polis<\/i> de Marjane Satrapi i <\/span><\/span><\/span><span style=\"color: #222222;\"><span style=\"font-family: Arial, Helvetica, sans-serif;\"><span style=\"font-size: medium;\"><i>El fot\u00f3grafo<\/i> de Guibert, Lef\u00e8bre i Lemercier.<\/span><\/span><\/span><\/p>\n<p>Us animem a anar-hi i fer-ne \u00fas perqu\u00e8 sigui, aquest nou equipament, un lloc viu.<\/p>\n","protected":false},"excerpt":{"rendered":"<p><a href=\"https:\/\/agora.xtec.cat\/ins-intermunicipal\/wp-content\/uploads\/usu2220\/2023\/10\/20231024_092741-2.jpg\"><\/a><a href=\"https:\/\/agora.xtec.cat\/ins-intermunicipal\/wp-content\/uploads\/usu2220\/2023\/10\/2023_biblioteca.4.jpg\"><\/a>Coincidint que el 24 d&#8217;octubre \u00e9s el Dia de les Biblioteques en record de la destrucci\u00f3 de la biblioteca de Sarajevo el 1992 durant la guerra de B\u00f2snia, us podem anunciar que a l&#8217;Institut Intermunicipal del Pened\u00e8s ja tenim oberta la nova biblioteca.&hellip;  <a href=\"https:\/\/agora.xtec.cat\/ins-intermunicipal\/general\/sobre-la-biblioteca-de-linter\/\" title=\"Read S&#8217;obre la biblioteca de l&#8217;\u00cdnter\">Llegeix m\u00e9s\u00bb<\/a><\/p>\n","protected":false},"author":7,"featured_media":1256,"comment_status":"closed","ping_status":"closed","sticky":false,"template":"","format":"standard","meta":{"_bbp_topic_count":0,"_bbp_reply_count":0,"_bbp_total_topic_count":0,"_bbp_total_reply_count":0,"_bbp_voice_count":0,"_bbp_anonymous_reply_count":0,"_bbp_topic_count_hidden":0,"_bbp_reply_count_hidden":0,"_bbp_forum_subforum_count":0,"footnotes":""},"categories":[8,3,30,1,29],"tags":[206],"class_list":["post-1264","post","type-post","status-publish","format-standard","has-post-thumbnail","hentry","category-bat","category-eso","category-formacio-professional","category-general","category-portada","tag-biblioteca"],"post_mailing_queue_ids":[],"_links":{"self":[{"href":"https:\/\/agora.xtec.cat\/ins-intermunicipal\/wp-json\/wp\/v2\/posts\/1264","targetHints":{"allow":["GET"]}}],"collection":[{"href":"https:\/\/agora.xtec.cat\/ins-intermunicipal\/wp-json\/wp\/v2\/posts"}],"about":[{"href":"https:\/\/agora.xtec.cat\/ins-intermunicipal\/wp-json\/wp\/v2\/types\/post"}],"author":[{"embeddable":true,"href":"https:\/\/agora.xtec.cat\/ins-intermunicipal\/wp-json\/wp\/v2\/users\/7"}],"replies":[{"embeddable":true,"href":"https:\/\/agora.xtec.cat\/ins-intermunicipal\/wp-json\/wp\/v2\/comments?post=1264"}],"version-history":[{"count":6,"href":"https:\/\/agora.xtec.cat\/ins-intermunicipal\/wp-json\/wp\/v2\/posts\/1264\/revisions"}],"predecessor-version":[{"id":1275,"href":"https:\/\/agora.xtec.cat\/ins-intermunicipal\/wp-json\/wp\/v2\/posts\/1264\/revisions\/1275"}],"wp:featuredmedia":[{"embeddable":true,"href":"https:\/\/agora.xtec.cat\/ins-intermunicipal\/wp-json\/wp\/v2\/media\/1256"}],"wp:attachment":[{"href":"https:\/\/agora.xtec.cat\/ins-intermunicipal\/wp-json\/wp\/v2\/media?parent=1264"}],"wp:term":[{"taxonomy":"category","embeddable":true,"href":"https:\/\/agora.xtec.cat\/ins-intermunicipal\/wp-json\/wp\/v2\/categories?post=1264"},{"taxonomy":"post_tag","embeddable":true,"href":"https:\/\/agora.xtec.cat\/ins-intermunicipal\/wp-json\/wp\/v2\/tags?post=1264"}],"curies":[{"name":"wp","href":"https:\/\/api.w.org\/{rel}","templated":true}]}}