{"id":1222,"date":"2023-10-11T14:00:27","date_gmt":"2023-10-11T12:00:27","guid":{"rendered":"https:\/\/agora.xtec.cat\/ins-intermunicipal\/?p=1222"},"modified":"2023-10-11T15:45:35","modified_gmt":"2023-10-11T13:45:35","slug":"engega-el-projecte-faig","status":"publish","type":"post","link":"https:\/\/agora.xtec.cat\/ins-intermunicipal\/general\/engega-el-projecte-faig\/","title":{"rendered":"Engega el Projecte FAIG"},"content":{"rendered":"<p align=\"justify\"><span style=\"color: #222222;\"><span style=\"font-family: Arial, Helvetica, sans-serif;\"><span style=\"font-size: medium;\"><a href=\"https:\/\/agora.xtec.cat\/ins-intermunicipal\/wp-content\/uploads\/usu2220\/2023\/10\/1000107967.jpg\"><img loading=\"lazy\" decoding=\"async\" class=\"wp-image-1225 alignright\" src=\"https:\/\/agora.xtec.cat\/ins-intermunicipal\/wp-content\/uploads\/usu2220\/2023\/10\/1000107967.jpg\" alt=\"\" width=\"357\" height=\"476\" srcset=\"https:\/\/agora.xtec.cat\/ins-intermunicipal\/wp-content\/uploads\/usu2220\/2023\/10\/1000107967.jpg 1530w, https:\/\/agora.xtec.cat\/ins-intermunicipal\/wp-content\/uploads\/usu2220\/2023\/10\/1000107967-225x300.jpg 225w, https:\/\/agora.xtec.cat\/ins-intermunicipal\/wp-content\/uploads\/usu2220\/2023\/10\/1000107967-768x1024.jpg 768w, https:\/\/agora.xtec.cat\/ins-intermunicipal\/wp-content\/uploads\/usu2220\/2023\/10\/1000107967-1152x1536.jpg 1152w\" sizes=\"auto, (max-width: 357px) 100vw, 357px\" \/><\/a><a href=\"https:\/\/agora.xtec.cat\/ins-intermunicipal\/wp-content\/uploads\/usu2220\/2023\/10\/1000107993.jpg\"><img loading=\"lazy\" decoding=\"async\" class=\"wp-image-1226 alignleft\" src=\"https:\/\/agora.xtec.cat\/ins-intermunicipal\/wp-content\/uploads\/usu2220\/2023\/10\/1000107993.jpg\" alt=\"\" width=\"355\" height=\"267\" srcset=\"https:\/\/agora.xtec.cat\/ins-intermunicipal\/wp-content\/uploads\/usu2220\/2023\/10\/1000107993.jpg 2040w, https:\/\/agora.xtec.cat\/ins-intermunicipal\/wp-content\/uploads\/usu2220\/2023\/10\/1000107993-300x225.jpg 300w, https:\/\/agora.xtec.cat\/ins-intermunicipal\/wp-content\/uploads\/usu2220\/2023\/10\/1000107993-1024x768.jpg 1024w, https:\/\/agora.xtec.cat\/ins-intermunicipal\/wp-content\/uploads\/usu2220\/2023\/10\/1000107993-768x576.jpg 768w, https:\/\/agora.xtec.cat\/ins-intermunicipal\/wp-content\/uploads\/usu2220\/2023\/10\/1000107993-1536x1152.jpg 1536w, https:\/\/agora.xtec.cat\/ins-intermunicipal\/wp-content\/uploads\/usu2220\/2023\/10\/1000107993-200x150.jpg 200w\" sizes=\"auto, (max-width: 355px) 100vw, 355px\" \/><\/a>Aquesta setmana s\u2019ha posat en marxa el <strong><a href=\"https:\/\/serveiseducatius.xtec.cat\/cesire\/faig-fent-per-aprendre-imaginant-globalment\/\" target=\"_blank\" rel=\"noopener\">Projecte FAIG<\/a><\/strong> amb una trobada per presentar les l\u00ednies generals als 150 centres de tot Catalunya que hi participen. Una dotzena d\u2019aquests centres s\u00f3n penedesencs i entre ells s\u2019hi compta, tamb\u00e9, el nostre institut.<\/span><\/span><\/span><\/p>\n<p align=\"justify\"><span style=\"color: #222222;\"><span style=\"font-family: Arial, Helvetica, sans-serif;\"><span style=\"font-size: medium;\">Durant l\u2019actual curs es faran 5 sessions de formaci\u00f3, tres de telem\u00e0tiques i dues de presencials. A aquestes sessions hi assistiran cinc membres de l\u2019equip impulsor del Projecte FAIG al nostre centre. Ells seran, despr\u00e9s, els encarregats de traslladar a la resta del Claustre les informacions i els coneixements que hagin adquirit per tal que el projecte tiri endavant al nostre institut.<\/span><\/span><\/span><\/p>\n<p align=\"justify\"><span style=\"color: #222222;\"><span style=\"font-family: Arial, Helvetica, sans-serif;\"><span style=\"font-size: medium;\">El Projecte FAIG es planteja com una continuaci\u00f3 del <strong><a href=\"https:\/\/projectes.xtec.cat\/transformacioenxarxa\/general\/pacte-programa-dinnovacio-dacceleracio-de-la-transformacio-educativa-eines-per-al-canvi\/\" target=\"_blank\" rel=\"noopener\">PacTE<\/a>.<\/strong> Per tant, es tracta d\u2019aplicar de manera pr\u00e0ctica i tangible tota la reflexi\u00f3 que s\u2019ha fet pr\u00e8viament. I \u00e9s tamb\u00e9 per aix\u00f2 que el curs seg\u00fcent, \u00e9s a dir el 2024-2025, ja se\u2019ns dotar\u00e0 dels recursos materials inherents a aquest projecte que tot just ara ha engegat i que ha de revertir en la formaci\u00f3 de l&#8217;alumnat del nostre institut.<\/span><\/span><\/span><\/p>\n","protected":false},"excerpt":{"rendered":"<p><a href=\"https:\/\/agora.xtec.cat\/ins-intermunicipal\/wp-content\/uploads\/usu2220\/2023\/10\/1000107967.jpg\"><\/a><a href=\"https:\/\/agora.xtec.cat\/ins-intermunicipal\/wp-content\/uploads\/usu2220\/2023\/10\/1000107993.jpg\"><\/a>Aquesta setmana s\u2019ha posat en marxa el <a href=\"https:\/\/serveiseducatius.xtec.cat\/cesire\/faig-fent-per-aprendre-imaginant-globalment\/\" target=\"_blank\" rel=\"noopener\">Projecte FAIG<\/a> amb una trobada per presentar les l\u00ednies generals als 150 centres de tot Catalunya que hi participen. Una dotzena d\u2019aquests centres s\u00f3n penedesencs i entre ells s\u2019hi compta, tamb\u00e9, el nostre&hellip;  <a href=\"https:\/\/agora.xtec.cat\/ins-intermunicipal\/general\/engega-el-projecte-faig\/\" title=\"Read Engega el Projecte FAIG\">Llegeix m\u00e9s\u00bb<\/a><\/p>\n","protected":false},"author":7,"featured_media":1224,"comment_status":"closed","ping_status":"closed","sticky":false,"template":"","format":"standard","meta":{"_bbp_topic_count":0,"_bbp_reply_count":0,"_bbp_total_topic_count":0,"_bbp_total_reply_count":0,"_bbp_voice_count":0,"_bbp_anonymous_reply_count":0,"_bbp_topic_count_hidden":0,"_bbp_reply_count_hidden":0,"_bbp_forum_subforum_count":0,"footnotes":""},"categories":[1,29],"tags":[249,248],"class_list":["post-1222","post","type-post","status-publish","format-standard","has-post-thumbnail","hentry","category-general","category-portada","tag-pacte","tag-projecte-faig"],"post_mailing_queue_ids":[],"_links":{"self":[{"href":"https:\/\/agora.xtec.cat\/ins-intermunicipal\/wp-json\/wp\/v2\/posts\/1222","targetHints":{"allow":["GET"]}}],"collection":[{"href":"https:\/\/agora.xtec.cat\/ins-intermunicipal\/wp-json\/wp\/v2\/posts"}],"about":[{"href":"https:\/\/agora.xtec.cat\/ins-intermunicipal\/wp-json\/wp\/v2\/types\/post"}],"author":[{"embeddable":true,"href":"https:\/\/agora.xtec.cat\/ins-intermunicipal\/wp-json\/wp\/v2\/users\/7"}],"replies":[{"embeddable":true,"href":"https:\/\/agora.xtec.cat\/ins-intermunicipal\/wp-json\/wp\/v2\/comments?post=1222"}],"version-history":[{"count":6,"href":"https:\/\/agora.xtec.cat\/ins-intermunicipal\/wp-json\/wp\/v2\/posts\/1222\/revisions"}],"predecessor-version":[{"id":1237,"href":"https:\/\/agora.xtec.cat\/ins-intermunicipal\/wp-json\/wp\/v2\/posts\/1222\/revisions\/1237"}],"wp:featuredmedia":[{"embeddable":true,"href":"https:\/\/agora.xtec.cat\/ins-intermunicipal\/wp-json\/wp\/v2\/media\/1224"}],"wp:attachment":[{"href":"https:\/\/agora.xtec.cat\/ins-intermunicipal\/wp-json\/wp\/v2\/media?parent=1222"}],"wp:term":[{"taxonomy":"category","embeddable":true,"href":"https:\/\/agora.xtec.cat\/ins-intermunicipal\/wp-json\/wp\/v2\/categories?post=1222"},{"taxonomy":"post_tag","embeddable":true,"href":"https:\/\/agora.xtec.cat\/ins-intermunicipal\/wp-json\/wp\/v2\/tags?post=1222"}],"curies":[{"name":"wp","href":"https:\/\/api.w.org\/{rel}","templated":true}]}}