{"id":1218,"date":"2023-10-11T12:37:47","date_gmt":"2023-10-11T10:37:47","guid":{"rendered":"https:\/\/agora.xtec.cat\/ins-intermunicipal\/?p=1218"},"modified":"2023-10-11T12:37:47","modified_gmt":"2023-10-11T10:37:47","slug":"xerrada-sobre-genetica-a-reptes-cientifics","status":"publish","type":"post","link":"https:\/\/agora.xtec.cat\/ins-intermunicipal\/general\/xerrada-sobre-genetica-a-reptes-cientifics\/","title":{"rendered":"Xerrada sobre gen\u00e8tica a Reptes cient\u00edfics"},"content":{"rendered":"<p align=\"justify\"><span style=\"color: #222222;\"><span style=\"font-family: Arial, Helvetica, sans-serif;\"><span style=\"font-size: medium;\">E<a href=\"https:\/\/agora.xtec.cat\/ins-intermunicipal\/wp-content\/uploads\/usu2220\/2023\/10\/IMG_20231010_093755.jpg\"><img loading=\"lazy\" decoding=\"async\" class=\"wp-image-1219 alignleft\" src=\"https:\/\/agora.xtec.cat\/ins-intermunicipal\/wp-content\/uploads\/usu2220\/2023\/10\/IMG_20231010_093755.jpg\" alt=\"\" width=\"293\" height=\"240\" srcset=\"https:\/\/agora.xtec.cat\/ins-intermunicipal\/wp-content\/uploads\/usu2220\/2023\/10\/IMG_20231010_093755.jpg 900w, https:\/\/agora.xtec.cat\/ins-intermunicipal\/wp-content\/uploads\/usu2220\/2023\/10\/IMG_20231010_093755-300x246.jpg 300w, https:\/\/agora.xtec.cat\/ins-intermunicipal\/wp-content\/uploads\/usu2220\/2023\/10\/IMG_20231010_093755-768x631.jpg 768w\" sizes=\"auto, (max-width: 293px) 100vw, 293px\" \/><\/a>ls alumnes de l\u2019assignatura Reptes cient\u00edfics de 1r de Batxillerat de l&#8217;Institut Intermunicipal del Pened\u00e8s han pogut assistir a una xerrada sobre gen\u00e8tica. En David Serra, que est\u00e0 fent les pr\u00e0ctiques del <a href=\"https:\/\/web.ub.edu\/web\/estudis\/w\/grau-g1033\" target=\"_blank\" rel=\"noopener\">Grau en Biotecnologia de la Universitat de Barcelona<\/a> al <a href=\"https:\/\/www.csic.es\/es\" target=\"_blank\" rel=\"noopener\">Consell Superior d&#8217;Investigacions Cient\u00edfiques<\/a>, ha estat l\u2019encarregat d\u2019exposar els seus estudis als alumnes del nostre institut. <\/span><\/span><\/span><\/p>\n<p align=\"justify\"><span style=\"color: #222222;\"><span style=\"font-family: Arial, Helvetica, sans-serif;\"><span style=\"font-size: medium;\">Despr\u00e9s que acompanyant-se d\u2019imatges molt il\u00b7lustratives, en David Serra hagi exposat l\u2019orientaci\u00f3 del seu Treball Final de Grau i la seva recerca sobre la <i>Drosophila melanogaster <\/i>(mosca del vinagre), els alumnes de Reptes cient\u00edfics aplicaran <\/span><\/span><\/span><span style=\"font-family: Arial, Helvetica, sans-serif; font-size: medium;\">els coneixements adquirits<\/span><span style=\"font-size: medium; font-family: Arial, Helvetica, sans-serif;\"> a classe i al laboratori de biologia del nostre centre.<\/span><\/p>\n","protected":false},"excerpt":{"rendered":"<p>E<a href=\"https:\/\/agora.xtec.cat\/ins-intermunicipal\/wp-content\/uploads\/usu2220\/2023\/10\/IMG_20231010_093755.jpg\"><\/a>ls alumnes de l\u2019assignatura Reptes cient\u00edfics de 1r de Batxillerat de l&#8217;Institut Intermunicipal del Pened\u00e8s han pogut assistir a una xerrada sobre gen\u00e8tica. En David Serra, que est\u00e0 fent les pr\u00e0ctiques del <a href=\"https:\/\/web.ub.edu\/web\/estudis\/w\/grau-g1033\" target=\"_blank\" rel=\"noopener\">Grau en Biotecnologia de la Universitat de Barcelona<\/a> al&hellip;  <a href=\"https:\/\/agora.xtec.cat\/ins-intermunicipal\/general\/xerrada-sobre-genetica-a-reptes-cientifics\/\" title=\"Read Xerrada sobre gen\u00e8tica a Reptes cient\u00edfics\">Llegeix m\u00e9s\u00bb<\/a><\/p>\n","protected":false},"author":7,"featured_media":1220,"comment_status":"closed","ping_status":"closed","sticky":false,"template":"","format":"standard","meta":{"_bbp_topic_count":0,"_bbp_reply_count":0,"_bbp_total_topic_count":0,"_bbp_total_reply_count":0,"_bbp_voice_count":0,"_bbp_anonymous_reply_count":0,"_bbp_topic_count_hidden":0,"_bbp_reply_count_hidden":0,"_bbp_forum_subforum_count":0,"footnotes":""},"categories":[8,1,29],"tags":[245,246,242,241,243,244,247],"class_list":["post-1218","post","type-post","status-publish","format-standard","has-post-thumbnail","hentry","category-bat","category-general","category-portada","tag-biotecnologia","tag-csic","tag-david-serra","tag-genetica","tag-mosca-del-vinagre","tag-reptes-cientifics","tag-ub"],"post_mailing_queue_ids":[],"_links":{"self":[{"href":"https:\/\/agora.xtec.cat\/ins-intermunicipal\/wp-json\/wp\/v2\/posts\/1218","targetHints":{"allow":["GET"]}}],"collection":[{"href":"https:\/\/agora.xtec.cat\/ins-intermunicipal\/wp-json\/wp\/v2\/posts"}],"about":[{"href":"https:\/\/agora.xtec.cat\/ins-intermunicipal\/wp-json\/wp\/v2\/types\/post"}],"author":[{"embeddable":true,"href":"https:\/\/agora.xtec.cat\/ins-intermunicipal\/wp-json\/wp\/v2\/users\/7"}],"replies":[{"embeddable":true,"href":"https:\/\/agora.xtec.cat\/ins-intermunicipal\/wp-json\/wp\/v2\/comments?post=1218"}],"version-history":[{"count":1,"href":"https:\/\/agora.xtec.cat\/ins-intermunicipal\/wp-json\/wp\/v2\/posts\/1218\/revisions"}],"predecessor-version":[{"id":1221,"href":"https:\/\/agora.xtec.cat\/ins-intermunicipal\/wp-json\/wp\/v2\/posts\/1218\/revisions\/1221"}],"wp:featuredmedia":[{"embeddable":true,"href":"https:\/\/agora.xtec.cat\/ins-intermunicipal\/wp-json\/wp\/v2\/media\/1220"}],"wp:attachment":[{"href":"https:\/\/agora.xtec.cat\/ins-intermunicipal\/wp-json\/wp\/v2\/media?parent=1218"}],"wp:term":[{"taxonomy":"category","embeddable":true,"href":"https:\/\/agora.xtec.cat\/ins-intermunicipal\/wp-json\/wp\/v2\/categories?post=1218"},{"taxonomy":"post_tag","embeddable":true,"href":"https:\/\/agora.xtec.cat\/ins-intermunicipal\/wp-json\/wp\/v2\/tags?post=1218"}],"curies":[{"name":"wp","href":"https:\/\/api.w.org\/{rel}","templated":true}]}}