{"id":1216,"date":"2023-10-09T10:13:44","date_gmt":"2023-10-09T08:13:44","guid":{"rendered":"https:\/\/agora.xtec.cat\/ins-intermunicipal\/?p=1216"},"modified":"2023-10-09T10:13:44","modified_gmt":"2023-10-09T08:13:44","slug":"ofertes-de-feina-9-13-doctubre","status":"publish","type":"post","link":"https:\/\/agora.xtec.cat\/ins-intermunicipal\/formacio-professional\/feina-fp\/ofertes-de-feina-9-13-doctubre\/","title":{"rendered":"Ofertes de feina 9-13 d&#8217;octubre"},"content":{"rendered":"<p>Us facilitem la relaci\u00f3 d&#8217;<a href=\"https:\/\/drive.google.com\/file\/d\/1GofGwFFOLiVQpgnKFtHJiF5SE4lixFwy\/view?usp=sharing\">ofertes de feina<\/a> que ha seleccionat l&#8217;Oficina Municipal de Treball de l&#8217;Ajuntament de Vilafranca del Pened\u00e8s. Podreu trobar ofertes vinculades als estudis d&#8217;FP que impartim a l&#8217;Escola Intermunicipal del Pened\u00e8s. Per poder-se donar d&#8217;alta a la Xarxa Xaloc podeu seguir les seg\u00fcents<a href=\"https:\/\/drive.google.com\/file\/d\/12WrpIswVTrDDwHm_xACFvZNh2pHyq28Z\/view?usp=sharing\"> indicacions<\/a>.<\/p>\n","protected":false},"excerpt":{"rendered":"<p>Us facilitem la relaci\u00f3 d&#8217;<a href=\"https:\/\/drive.google.com\/file\/d\/1GofGwFFOLiVQpgnKFtHJiF5SE4lixFwy\/view?usp=sharing\">ofertes de feina<\/a> que ha seleccionat l&#8217;Oficina Municipal de Treball de l&#8217;Ajuntament de Vilafranca del Pened\u00e8s. Podreu trobar ofertes vinculades als estudis d&#8217;FP que impartim a l&#8217;Escola Intermunicipal del Pened\u00e8s. Per poder-se donar d&#8217;alta a la Xarxa Xaloc podeu seguir&hellip;  <a href=\"https:\/\/agora.xtec.cat\/ins-intermunicipal\/formacio-professional\/feina-fp\/ofertes-de-feina-9-13-doctubre\/\" title=\"Read Ofertes de feina 9-13 d&#8217;octubre\">Llegeix m\u00e9s\u00bb<\/a><\/p>\n","protected":false},"author":8,"featured_media":0,"comment_status":"closed","ping_status":"closed","sticky":false,"template":"","format":"standard","meta":{"_bbp_topic_count":0,"_bbp_reply_count":0,"_bbp_total_topic_count":0,"_bbp_total_reply_count":0,"_bbp_voice_count":0,"_bbp_anonymous_reply_count":0,"_bbp_topic_count_hidden":0,"_bbp_reply_count_hidden":0,"_bbp_forum_subforum_count":0,"footnotes":""},"categories":[189],"tags":[218,183],"class_list":["post-1216","post","type-post","status-publish","format-standard","hentry","category-feina-fp","tag-alt-penedes","tag-fp"],"post_mailing_queue_ids":[],"_links":{"self":[{"href":"https:\/\/agora.xtec.cat\/ins-intermunicipal\/wp-json\/wp\/v2\/posts\/1216","targetHints":{"allow":["GET"]}}],"collection":[{"href":"https:\/\/agora.xtec.cat\/ins-intermunicipal\/wp-json\/wp\/v2\/posts"}],"about":[{"href":"https:\/\/agora.xtec.cat\/ins-intermunicipal\/wp-json\/wp\/v2\/types\/post"}],"author":[{"embeddable":true,"href":"https:\/\/agora.xtec.cat\/ins-intermunicipal\/wp-json\/wp\/v2\/users\/8"}],"replies":[{"embeddable":true,"href":"https:\/\/agora.xtec.cat\/ins-intermunicipal\/wp-json\/wp\/v2\/comments?post=1216"}],"version-history":[{"count":1,"href":"https:\/\/agora.xtec.cat\/ins-intermunicipal\/wp-json\/wp\/v2\/posts\/1216\/revisions"}],"predecessor-version":[{"id":1217,"href":"https:\/\/agora.xtec.cat\/ins-intermunicipal\/wp-json\/wp\/v2\/posts\/1216\/revisions\/1217"}],"wp:attachment":[{"href":"https:\/\/agora.xtec.cat\/ins-intermunicipal\/wp-json\/wp\/v2\/media?parent=1216"}],"wp:term":[{"taxonomy":"category","embeddable":true,"href":"https:\/\/agora.xtec.cat\/ins-intermunicipal\/wp-json\/wp\/v2\/categories?post=1216"},{"taxonomy":"post_tag","embeddable":true,"href":"https:\/\/agora.xtec.cat\/ins-intermunicipal\/wp-json\/wp\/v2\/tags?post=1216"}],"curies":[{"name":"wp","href":"https:\/\/api.w.org\/{rel}","templated":true}]}}