{"id":1164,"date":"2023-09-29T09:56:31","date_gmt":"2023-09-29T07:56:31","guid":{"rendered":"https:\/\/agora.xtec.cat\/ins-intermunicipal\/?p=1164"},"modified":"2023-09-29T09:56:31","modified_gmt":"2023-09-29T07:56:31","slug":"arriba-la-tardor-i-comencem-lactivitat-a-laula-dacollida","status":"publish","type":"post","link":"https:\/\/agora.xtec.cat\/ins-intermunicipal\/general\/arriba-la-tardor-i-comencem-lactivitat-a-laula-dacollida\/","title":{"rendered":"Arriba la tardor i comencem l\u2019activitat a l\u2019aula d\u2019acollida\u00a0"},"content":{"rendered":"<p align=\"justify\"><span style=\"color: #000000;\"><span style=\"font-family: Arial, sans-serif;\"><span style=\"font-size: medium;\"><a href=\"https:\/\/agora.xtec.cat\/ins-intermunicipal\/wp-content\/uploads\/usu2220\/2023\/09\/IMG_20230926_141701-1.jpg\"><img loading=\"lazy\" decoding=\"async\" class=\"wp-image-1165 alignright\" src=\"https:\/\/agora.xtec.cat\/ins-intermunicipal\/wp-content\/uploads\/usu2220\/2023\/09\/IMG_20230926_141701-1.jpg\" alt=\"\" width=\"197\" height=\"261\" srcset=\"https:\/\/agora.xtec.cat\/ins-intermunicipal\/wp-content\/uploads\/usu2220\/2023\/09\/IMG_20230926_141701-1.jpg 900w, https:\/\/agora.xtec.cat\/ins-intermunicipal\/wp-content\/uploads\/usu2220\/2023\/09\/IMG_20230926_141701-1-226x300.jpg 226w, https:\/\/agora.xtec.cat\/ins-intermunicipal\/wp-content\/uploads\/usu2220\/2023\/09\/IMG_20230926_141701-1-771x1024.jpg 771w, https:\/\/agora.xtec.cat\/ins-intermunicipal\/wp-content\/uploads\/usu2220\/2023\/09\/IMG_20230926_141701-1-768x1020.jpg 768w\" sizes=\"auto, (max-width: 197px) 100vw, 197px\" \/><\/a>L\u2019inici de l\u2019aula d\u2019acollida a l\u2019Institut Intermunicipal del Pened\u00e8s ha arribat de la m\u00e0 de la tardor, la tercera setmana de setembre. El curs 2023 &#8211; 2024 s\u2019inicia amb alumnes de tots els cursos d\u2019ESO i de proced\u00e8ncies ben diverses: Ucra\u00efna, Pakistan, Per\u00fa, Col\u00f2mbia, Marroc, El Salvador i la Rep\u00fablica Dominicana.\u00a0<\/span><\/span><\/span><\/p>\n<p align=\"justify\"><span style=\"color: #000000;\"><span style=\"font-family: Arial, sans-serif;\"><span style=\"font-size: medium;\">Alguns d\u2019ells ja es coneixen del curs passat i tenen un vincle forjat, els nous el forjaran al llarg dels propers mesos. Amb l\u2019inici de l\u2019aula d\u2019acollida s\u2019inicia un nou espai de seguretat i confian\u00e7a que faran m\u00e9s f\u00e0cil l\u2019aprenentatge o la millora competencial de la llengua catalana d&#8217;aquests alumnes. D<\/span><\/span><\/span><span style=\"color: #000000;\"><span style=\"font-family: Arial, sans-serif;\"><span style=\"font-size: medium;\">esitgem que passin un molt bon curs a l\u2019Intermunicipal!<\/span><\/span><\/span><\/p>\n","protected":false},"excerpt":{"rendered":"<p><a href=\"https:\/\/agora.xtec.cat\/ins-intermunicipal\/wp-content\/uploads\/usu2220\/2023\/09\/IMG_20230926_141701-1.jpg\"><\/a>L\u2019inici de l\u2019aula d\u2019acollida a l\u2019Institut Intermunicipal del Pened\u00e8s ha arribat de la m\u00e0 de la tardor, la tercera setmana de setembre. El curs 2023 &#8211; 2024 s\u2019inicia amb alumnes de tots els cursos d\u2019ESO i de proced\u00e8ncies ben diverses: Ucra\u00efna, Pakistan, Per\u00fa, Col\u00f2mbia,&hellip;  <a href=\"https:\/\/agora.xtec.cat\/ins-intermunicipal\/general\/arriba-la-tardor-i-comencem-lactivitat-a-laula-dacollida\/\" title=\"Read Arriba la tardor i comencem l\u2019activitat a l\u2019aula d\u2019acollida\u00a0\">Llegeix m\u00e9s\u00bb<\/a><\/p>\n","protected":false},"author":7,"featured_media":1165,"comment_status":"closed","ping_status":"closed","sticky":false,"template":"","format":"standard","meta":{"_bbp_topic_count":0,"_bbp_reply_count":0,"_bbp_total_topic_count":0,"_bbp_total_reply_count":0,"_bbp_voice_count":0,"_bbp_anonymous_reply_count":0,"_bbp_topic_count_hidden":0,"_bbp_reply_count_hidden":0,"_bbp_forum_subforum_count":0,"footnotes":""},"categories":[1,29],"tags":[161],"class_list":["post-1164","post","type-post","status-publish","format-standard","has-post-thumbnail","hentry","category-general","category-portada","tag-aula-acollida"],"post_mailing_queue_ids":[],"_links":{"self":[{"href":"https:\/\/agora.xtec.cat\/ins-intermunicipal\/wp-json\/wp\/v2\/posts\/1164","targetHints":{"allow":["GET"]}}],"collection":[{"href":"https:\/\/agora.xtec.cat\/ins-intermunicipal\/wp-json\/wp\/v2\/posts"}],"about":[{"href":"https:\/\/agora.xtec.cat\/ins-intermunicipal\/wp-json\/wp\/v2\/types\/post"}],"author":[{"embeddable":true,"href":"https:\/\/agora.xtec.cat\/ins-intermunicipal\/wp-json\/wp\/v2\/users\/7"}],"replies":[{"embeddable":true,"href":"https:\/\/agora.xtec.cat\/ins-intermunicipal\/wp-json\/wp\/v2\/comments?post=1164"}],"version-history":[{"count":5,"href":"https:\/\/agora.xtec.cat\/ins-intermunicipal\/wp-json\/wp\/v2\/posts\/1164\/revisions"}],"predecessor-version":[{"id":1170,"href":"https:\/\/agora.xtec.cat\/ins-intermunicipal\/wp-json\/wp\/v2\/posts\/1164\/revisions\/1170"}],"wp:featuredmedia":[{"embeddable":true,"href":"https:\/\/agora.xtec.cat\/ins-intermunicipal\/wp-json\/wp\/v2\/media\/1165"}],"wp:attachment":[{"href":"https:\/\/agora.xtec.cat\/ins-intermunicipal\/wp-json\/wp\/v2\/media?parent=1164"}],"wp:term":[{"taxonomy":"category","embeddable":true,"href":"https:\/\/agora.xtec.cat\/ins-intermunicipal\/wp-json\/wp\/v2\/categories?post=1164"},{"taxonomy":"post_tag","embeddable":true,"href":"https:\/\/agora.xtec.cat\/ins-intermunicipal\/wp-json\/wp\/v2\/tags?post=1164"}],"curies":[{"name":"wp","href":"https:\/\/api.w.org\/{rel}","templated":true}]}}