{"id":1140,"date":"2023-09-29T11:45:43","date_gmt":"2023-09-29T09:45:43","guid":{"rendered":"https:\/\/agora.xtec.cat\/ins-intermunicipal\/?p=1140"},"modified":"2023-09-29T12:53:20","modified_gmt":"2023-09-29T10:53:20","slug":"places-disponibles-al-cicle-formatiu-dadministracio-i-finances","status":"publish","type":"post","link":"https:\/\/agora.xtec.cat\/ins-intermunicipal\/general\/places-disponibles-al-cicle-formatiu-dadministracio-i-finances\/","title":{"rendered":"Places disponibles al CFGS d&#8217;Administraci\u00f3 i Finances"},"content":{"rendered":"<figure class=\"figure wp-caption alignright\"><a href=\"https:\/\/agora.xtec.cat\/ins-intermunicipal\/wp-content\/uploads\/usu2220\/2023\/09\/foto-taller-AF-scaled.jpg\"><img loading=\"lazy\" decoding=\"async\" class=\"wp-image-1179 size-medium\" src=\"https:\/\/agora.xtec.cat\/ins-intermunicipal\/wp-content\/uploads\/usu2220\/2023\/09\/foto-taller-AF-300x142.jpg\" alt=\"\" width=\"300\" height=\"142\" srcset=\"https:\/\/agora.xtec.cat\/ins-intermunicipal\/wp-content\/uploads\/usu2220\/2023\/09\/foto-taller-AF-300x142.jpg 300w, https:\/\/agora.xtec.cat\/ins-intermunicipal\/wp-content\/uploads\/usu2220\/2023\/09\/foto-taller-AF-1024x485.jpg 1024w, https:\/\/agora.xtec.cat\/ins-intermunicipal\/wp-content\/uploads\/usu2220\/2023\/09\/foto-taller-AF-768x364.jpg 768w, https:\/\/agora.xtec.cat\/ins-intermunicipal\/wp-content\/uploads\/usu2220\/2023\/09\/foto-taller-AF-1536x728.jpg 1536w, https:\/\/agora.xtec.cat\/ins-intermunicipal\/wp-content\/uploads\/usu2220\/2023\/09\/foto-taller-AF-2048x971.jpg 2048w\" sizes=\"auto, (max-width: 300px) 100vw, 300px\" \/><\/a><figcaption class=\"wp-caption-text\">Imatge del nou taller d&#8217;Administraci\u00f3 i Finances<\/figcaption><\/figure>\n<p>Tot i que el termini de matriculacions ja s&#8217;hagi tancat, L&#8217;Institut Intermunicipal del Pened\u00e8s encara disposa de places per al grup-classe del Cicle Formatiu de Grau Superior d&#8217;Administraci\u00f3 i Finances, de primer curs. Per fer la matriculaci\u00f3 nom\u00e9s cal dirigir-se a Secretaria per formalitzar el tr\u00e0mit. Les places s\u00f3n limitades. Aquest curs el cicle estrena nou taller i, a m\u00e9s, aplica una nova metodologia de treball que va comen\u00e7ar a arrencar el curs passat. S&#8217;anomena Simulaci\u00f3 d\u2019Empreses amb Finalitats Educatives, SEFED, est\u00e0 impulsada per Europen-Pen International i ofereix a l&#8217;alumnat una nova manera d&#8217;aprendre com funciona el sector empresarial. L&#8217;equip de docents s&#8217;hi ha implicat molt perqu\u00e8 sigui un \u00e8xit i tamb\u00e9 perqu\u00e8 esdevingui el fet diferencial que ens posicioni, encara m\u00e9s, com a centre innovador. El SEFED es caracteritza per la reproducci\u00f3 de situacions reals de treball utilitzant la simulaci\u00f3 d\u2019empreses com a metodologia d\u2019aprenentatge.<\/p>\n<figure class=\"figure wp-caption alignright\"><a href=\"https:\/\/agora.xtec.cat\/ins-intermunicipal\/wp-content\/uploads\/usu2220\/2023\/09\/foto-farmacia.jpg\"><img loading=\"lazy\" decoding=\"async\" class=\"wp-image-1181 \" src=\"https:\/\/agora.xtec.cat\/ins-intermunicipal\/wp-content\/uploads\/usu2220\/2023\/09\/foto-farmacia-300x225.jpg\" alt=\"\" width=\"225\" height=\"169\" srcset=\"https:\/\/agora.xtec.cat\/ins-intermunicipal\/wp-content\/uploads\/usu2220\/2023\/09\/foto-farmacia-300x225.jpg 300w, https:\/\/agora.xtec.cat\/ins-intermunicipal\/wp-content\/uploads\/usu2220\/2023\/09\/foto-farmacia-1024x768.jpg 1024w, https:\/\/agora.xtec.cat\/ins-intermunicipal\/wp-content\/uploads\/usu2220\/2023\/09\/foto-farmacia-768x576.jpg 768w, https:\/\/agora.xtec.cat\/ins-intermunicipal\/wp-content\/uploads\/usu2220\/2023\/09\/foto-farmacia-200x150.jpg 200w, https:\/\/agora.xtec.cat\/ins-intermunicipal\/wp-content\/uploads\/usu2220\/2023\/09\/foto-farmacia.jpg 1200w\" sizes=\"auto, (max-width: 225px) 100vw, 225px\" \/><\/a><figcaption class=\"wp-caption-text\">El nou taller de Farm\u00e0cia i Parafarm\u00e0cia<\/figcaption><\/figure>\n<p>Aquest curs, el centre ha experimentat un creixement notable. Finalitzada ja la segona fase de matriculaci\u00f3 de Formaci\u00f3 Professional acollim un total de 280 alumnes, quan l&#8217;any passat n&#8217;eren 215. Una xifra que mai hav\u00edem tingut. L&#8217;augment est\u00e0 motivat per l&#8217;increment d&#8217;oferta en cicles formatius que hem estrenat: el nou CFGM en Farm\u00e0cia i Parafarm\u00e0cia, que tamb\u00e9 disposa de nou taller, i el nou CFGS en Integraci\u00f3 Social, a m\u00e9s de l&#8217;oferta que tenim des de fa anys.<\/p>\n<p>L&#8217;increment d&#8217;alumnat ha comportat, tamb\u00e9, un augment de l&#8217;equip docent passant dels 24 als 30 professors i professores que tindrem aquest curs. Un repte que estem entomant amb il\u00b7lusi\u00f3.<\/p>\n<p>De cara al curs que ve, la fam\u00edlia d&#8217;FP continuar\u00e0 creixent, ja que actualment nom\u00e9s s&#8217;imparteixen els primers cursos dels cicles formatius incorporats. S&#8217;estima que de cara al curs vinent, quan oferim el segon curs, el gruix d&#8217;alumnat creixi fins a les 330 matr\u00edcules i tamb\u00e9, de retruc, el de docents. La fam\u00edlia d&#8217;FP est\u00e0 en ple proc\u00e9s de canvis i millores.<\/p>\n<p>&nbsp;<\/p>\n","protected":false},"excerpt":{"rendered":"<p><a href=\"https:\/\/agora.xtec.cat\/ins-intermunicipal\/wp-content\/uploads\/usu2220\/2023\/09\/foto-taller-AF-scaled.jpg\"><\/a>Imatge del nou taller d&#8217;Administraci\u00f3 i Finances<br \/>\nTot i que el termini de matriculacions ja s&#8217;hagi tancat, L&#8217;Institut Intermunicipal del Pened\u00e8s encara disposa de places per al grup-classe del Cicle Formatiu de Grau Superior d&#8217;Administraci\u00f3 i Finances, de primer curs. Per fer la matriculaci\u00f3 nom\u00e9s&hellip;  <a href=\"https:\/\/agora.xtec.cat\/ins-intermunicipal\/general\/places-disponibles-al-cicle-formatiu-dadministracio-i-finances\/\" title=\"Read Places disponibles al CFGS d&#8217;Administraci\u00f3 i Finances\">Llegeix m\u00e9s\u00bb<\/a><\/p>\n","protected":false},"author":8,"featured_media":1179,"comment_status":"closed","ping_status":"closed","sticky":false,"template":"","format":"standard","meta":{"_bbp_topic_count":0,"_bbp_reply_count":0,"_bbp_total_topic_count":0,"_bbp_total_reply_count":0,"_bbp_voice_count":0,"_bbp_anonymous_reply_count":0,"_bbp_topic_count_hidden":0,"_bbp_reply_count_hidden":0,"_bbp_forum_subforum_count":0,"footnotes":""},"categories":[30,1,29],"tags":[224,236,183],"class_list":["post-1140","post","type-post","status-publish","format-standard","has-post-thumbnail","hentry","category-formacio-professional","category-general","category-portada","tag-administracio-i-finances","tag-farmacia-i-parafarmacia","tag-fp"],"post_mailing_queue_ids":[],"_links":{"self":[{"href":"https:\/\/agora.xtec.cat\/ins-intermunicipal\/wp-json\/wp\/v2\/posts\/1140","targetHints":{"allow":["GET"]}}],"collection":[{"href":"https:\/\/agora.xtec.cat\/ins-intermunicipal\/wp-json\/wp\/v2\/posts"}],"about":[{"href":"https:\/\/agora.xtec.cat\/ins-intermunicipal\/wp-json\/wp\/v2\/types\/post"}],"author":[{"embeddable":true,"href":"https:\/\/agora.xtec.cat\/ins-intermunicipal\/wp-json\/wp\/v2\/users\/8"}],"replies":[{"embeddable":true,"href":"https:\/\/agora.xtec.cat\/ins-intermunicipal\/wp-json\/wp\/v2\/comments?post=1140"}],"version-history":[{"count":6,"href":"https:\/\/agora.xtec.cat\/ins-intermunicipal\/wp-json\/wp\/v2\/posts\/1140\/revisions"}],"predecessor-version":[{"id":1192,"href":"https:\/\/agora.xtec.cat\/ins-intermunicipal\/wp-json\/wp\/v2\/posts\/1140\/revisions\/1192"}],"wp:featuredmedia":[{"embeddable":true,"href":"https:\/\/agora.xtec.cat\/ins-intermunicipal\/wp-json\/wp\/v2\/media\/1179"}],"wp:attachment":[{"href":"https:\/\/agora.xtec.cat\/ins-intermunicipal\/wp-json\/wp\/v2\/media?parent=1140"}],"wp:term":[{"taxonomy":"category","embeddable":true,"href":"https:\/\/agora.xtec.cat\/ins-intermunicipal\/wp-json\/wp\/v2\/categories?post=1140"},{"taxonomy":"post_tag","embeddable":true,"href":"https:\/\/agora.xtec.cat\/ins-intermunicipal\/wp-json\/wp\/v2\/tags?post=1140"}],"curies":[{"name":"wp","href":"https:\/\/api.w.org\/{rel}","templated":true}]}}