{"id":1132,"date":"2023-09-21T10:52:22","date_gmt":"2023-09-21T08:52:22","guid":{"rendered":"https:\/\/agora.xtec.cat\/ins-intermunicipal\/?p=1132"},"modified":"2023-09-21T10:56:16","modified_gmt":"2023-09-21T08:56:16","slug":"la-comunicacio-no-violenta-a-integracio-social","status":"publish","type":"post","link":"https:\/\/agora.xtec.cat\/ins-intermunicipal\/general\/la-comunicacio-no-violenta-a-integracio-social\/","title":{"rendered":"La comunicaci\u00f3 no violenta a Integraci\u00f3 Social"},"content":{"rendered":"<p>La formadora i logopeda, <a href=\"https:\/\/www.lacomunicacionnoviolenta.com\/la-comunicaci%C3%B3n-no-violenta\/franzina-balagu%C3%A9\/\">Franzina Balagu<\/a><a href=\"https:\/\/www.lacomunicacionnoviolenta.com\/la-comunicaci%C3%B3n-no-violenta\/franzina-balagu%C3%A9\/\">\u00e9<\/a>, ha visitat aquests dies l&#8217;aula del CFGS d&#8217;Integraci\u00f3 Social per parlar de la comunicaci\u00f3 no violenta, una de les formes de comunicaci\u00f3 que haur\u00edem d&#8217;utilitzar en la nostra vida di\u00e0ria.<\/p>\n<p>Balagu\u00e9, experta en aquest tipus de din\u00e0miques i creadora del <a href=\"https:\/\/www.youtube.com\/watch?v=xapEOorMWSc\">JECO<\/a>, un joc de rol que converteix el conflicte en oportunitats, va traslladar a l&#8217;alumnat la passi\u00f3 per aquest tipus de comunicaci\u00f3. Durant la sessi\u00f3, Balagu\u00e9 va diferenciar entre els murs i les finestres que apareixen en la comunicaci\u00f3 i va descobrir a l&#8217;alumnat el llibre <em>Comunicaci\u00f3 no violenta. Un llenguatge de vida.<\/em> de Marshall B. Rosenberg, un dels principals te\u00f2rics en aquest \u00e0mbit.<\/p>\n<p><a href=\"https:\/\/agora.xtec.cat\/ins-intermunicipal\/wp-content\/uploads\/usu2220\/2023\/09\/1695285532806.jpg\"><img loading=\"lazy\" decoding=\"async\" class=\"alignnone size-medium wp-image-1133\" src=\"https:\/\/agora.xtec.cat\/ins-intermunicipal\/wp-content\/uploads\/usu2220\/2023\/09\/1695285532806-225x300.jpg\" alt=\"\" width=\"225\" height=\"300\" srcset=\"https:\/\/agora.xtec.cat\/ins-intermunicipal\/wp-content\/uploads\/usu2220\/2023\/09\/1695285532806-225x300.jpg 225w, https:\/\/agora.xtec.cat\/ins-intermunicipal\/wp-content\/uploads\/usu2220\/2023\/09\/1695285532806-768x1024.jpg 768w, https:\/\/agora.xtec.cat\/ins-intermunicipal\/wp-content\/uploads\/usu2220\/2023\/09\/1695285532806-1152x1536.jpg 1152w, https:\/\/agora.xtec.cat\/ins-intermunicipal\/wp-content\/uploads\/usu2220\/2023\/09\/1695285532806.jpg 1536w\" sizes=\"auto, (max-width: 225px) 100vw, 225px\" \/><\/a><a href=\"https:\/\/agora.xtec.cat\/ins-intermunicipal\/wp-content\/uploads\/usu2220\/2023\/09\/1695285572428.jpg\"><img loading=\"lazy\" decoding=\"async\" class=\"alignnone size-medium wp-image-1134\" src=\"https:\/\/agora.xtec.cat\/ins-intermunicipal\/wp-content\/uploads\/usu2220\/2023\/09\/1695285572428-300x225.jpg\" alt=\"\" width=\"300\" height=\"225\" srcset=\"https:\/\/agora.xtec.cat\/ins-intermunicipal\/wp-content\/uploads\/usu2220\/2023\/09\/1695285572428-300x225.jpg 300w, https:\/\/agora.xtec.cat\/ins-intermunicipal\/wp-content\/uploads\/usu2220\/2023\/09\/1695285572428-1024x768.jpg 1024w, https:\/\/agora.xtec.cat\/ins-intermunicipal\/wp-content\/uploads\/usu2220\/2023\/09\/1695285572428-768x576.jpg 768w, https:\/\/agora.xtec.cat\/ins-intermunicipal\/wp-content\/uploads\/usu2220\/2023\/09\/1695285572428-1536x1152.jpg 1536w, https:\/\/agora.xtec.cat\/ins-intermunicipal\/wp-content\/uploads\/usu2220\/2023\/09\/1695285572428-200x150.jpg 200w, https:\/\/agora.xtec.cat\/ins-intermunicipal\/wp-content\/uploads\/usu2220\/2023\/09\/1695285572428.jpg 2048w\" sizes=\"auto, (max-width: 300px) 100vw, 300px\" \/><\/a><\/p>\n<p>Com ens va ensenyar Balagu\u00e9, la manera com ens comuniquem no nom\u00e9s ens permet establir millors relacions sin\u00f3 tamb\u00e9 connectar amb nosaltres mateixos i millorar la nostra qualitat de vida.<\/p>\n<p>Gr\u00e0cies, Franzina, per la teva visita. Ho aplicarem.<\/p>\n<p>&nbsp;<\/p>\n","protected":false},"excerpt":{"rendered":"<p>La formadora i logopeda, <a href=\"https:\/\/www.lacomunicacionnoviolenta.com\/la-comunicaci%C3%B3n-no-violenta\/franzina-balagu%C3%A9\/\">Franzina Balagu<\/a><a href=\"https:\/\/www.lacomunicacionnoviolenta.com\/la-comunicaci%C3%B3n-no-violenta\/franzina-balagu%C3%A9\/\">\u00e9<\/a>, ha visitat aquests dies l&#8217;aula del CFGS d&#8217;Integraci\u00f3 Social per parlar de la comunicaci\u00f3 no violenta, una de les formes de comunicaci\u00f3 que haur\u00edem d&#8217;utilitzar en la nostra vida di\u00e0ria.<br \/>\nBalagu\u00e9, experta en aquest tipus de din\u00e0miques i&hellip;  <a href=\"https:\/\/agora.xtec.cat\/ins-intermunicipal\/general\/la-comunicacio-no-violenta-a-integracio-social\/\" title=\"Read La comunicaci\u00f3 no violenta a Integraci\u00f3 Social\">Llegeix m\u00e9s\u00bb<\/a><\/p>\n","protected":false},"author":8,"featured_media":1134,"comment_status":"closed","ping_status":"closed","sticky":false,"template":"","format":"standard","meta":{"_bbp_topic_count":0,"_bbp_reply_count":0,"_bbp_total_topic_count":0,"_bbp_total_reply_count":0,"_bbp_voice_count":0,"_bbp_anonymous_reply_count":0,"_bbp_topic_count_hidden":0,"_bbp_reply_count_hidden":0,"_bbp_forum_subforum_count":0,"footnotes":""},"categories":[30,1,29],"tags":[183,223],"class_list":["post-1132","post","type-post","status-publish","format-standard","has-post-thumbnail","hentry","category-formacio-professional","category-general","category-portada","tag-fp","tag-integracio-social"],"post_mailing_queue_ids":[],"_links":{"self":[{"href":"https:\/\/agora.xtec.cat\/ins-intermunicipal\/wp-json\/wp\/v2\/posts\/1132","targetHints":{"allow":["GET"]}}],"collection":[{"href":"https:\/\/agora.xtec.cat\/ins-intermunicipal\/wp-json\/wp\/v2\/posts"}],"about":[{"href":"https:\/\/agora.xtec.cat\/ins-intermunicipal\/wp-json\/wp\/v2\/types\/post"}],"author":[{"embeddable":true,"href":"https:\/\/agora.xtec.cat\/ins-intermunicipal\/wp-json\/wp\/v2\/users\/8"}],"replies":[{"embeddable":true,"href":"https:\/\/agora.xtec.cat\/ins-intermunicipal\/wp-json\/wp\/v2\/comments?post=1132"}],"version-history":[{"count":3,"href":"https:\/\/agora.xtec.cat\/ins-intermunicipal\/wp-json\/wp\/v2\/posts\/1132\/revisions"}],"predecessor-version":[{"id":1139,"href":"https:\/\/agora.xtec.cat\/ins-intermunicipal\/wp-json\/wp\/v2\/posts\/1132\/revisions\/1139"}],"wp:featuredmedia":[{"embeddable":true,"href":"https:\/\/agora.xtec.cat\/ins-intermunicipal\/wp-json\/wp\/v2\/media\/1134"}],"wp:attachment":[{"href":"https:\/\/agora.xtec.cat\/ins-intermunicipal\/wp-json\/wp\/v2\/media?parent=1132"}],"wp:term":[{"taxonomy":"category","embeddable":true,"href":"https:\/\/agora.xtec.cat\/ins-intermunicipal\/wp-json\/wp\/v2\/categories?post=1132"},{"taxonomy":"post_tag","embeddable":true,"href":"https:\/\/agora.xtec.cat\/ins-intermunicipal\/wp-json\/wp\/v2\/tags?post=1132"}],"curies":[{"name":"wp","href":"https:\/\/api.w.org\/{rel}","templated":true}]}}