{"id":1119,"date":"2023-09-19T11:24:18","date_gmt":"2023-09-19T09:24:18","guid":{"rendered":"https:\/\/agora.xtec.cat\/ins-intermunicipal\/?p=1119"},"modified":"2023-09-19T11:29:24","modified_gmt":"2023-09-19T09:29:24","slug":"ofertes-de-feina-setmana-18-24-de-setembre","status":"publish","type":"post","link":"https:\/\/agora.xtec.cat\/ins-intermunicipal\/formacio-professional\/feina-fp\/ofertes-de-feina-setmana-18-24-de-setembre\/","title":{"rendered":"Ofertes de feina setmana 18-24 de setembre"},"content":{"rendered":"<p>Us enllacem les <a href=\"https:\/\/drive.google.com\/file\/d\/1FlIuyROjtgnxJoJRH-Ta15JOGJgC2Ykf\/view?usp=sharing\">ofertes<\/a> que <a href=\"https:\/\/ocupacio.vilafranca.cat\/servei-les-persones\/oficina-municipal-de-treball-omt\">l&#8217;Oficina Municipal de Treball de Vilafranca<\/a> ens ha preparat per divulgar aquesta setmana. Han aparegut a la Xarxa Xaloc. Veureu ofertes per a t\u00e8cnics en atenci\u00f3 a persones en situaci\u00f3 de depend\u00e8ncia, t\u00e8cnics en gesti\u00f3 administrativa i t\u00e8cnics superiors en administraci\u00f3 i finances. Us <a href=\"https:\/\/drive.google.com\/file\/d\/12WrpIswVTrDDwHm_xACFvZNh2pHyq28Z\/view?usp=sharing\">adjuntem<\/a> t<span style=\"font-family: inherit; font-size: 1em;\">amb\u00e9 una infografia que mostra els passos a seguir per apuntar-vos-hi.<\/span><\/p>\n<p>&nbsp;<\/p>\n","protected":false},"excerpt":{"rendered":"<p>Us enllacem les <a href=\"https:\/\/drive.google.com\/file\/d\/1FlIuyROjtgnxJoJRH-Ta15JOGJgC2Ykf\/view?usp=sharing\">ofertes<\/a> que <a href=\"https:\/\/ocupacio.vilafranca.cat\/servei-les-persones\/oficina-municipal-de-treball-omt\">l&#8217;Oficina Municipal de Treball de Vilafranca<\/a> ens ha preparat per divulgar aquesta setmana. Han aparegut a la Xarxa Xaloc. Veureu ofertes per a t\u00e8cnics en atenci\u00f3 a persones en situaci\u00f3 de depend\u00e8ncia, t\u00e8cnics en gesti\u00f3 administrativa i t\u00e8cnics&hellip;  <a href=\"https:\/\/agora.xtec.cat\/ins-intermunicipal\/formacio-professional\/feina-fp\/ofertes-de-feina-setmana-18-24-de-setembre\/\" title=\"Read Ofertes de feina setmana 18-24 de setembre\">Llegeix m\u00e9s\u00bb<\/a><\/p>\n","protected":false},"author":8,"featured_media":0,"comment_status":"closed","ping_status":"closed","sticky":false,"template":"","format":"standard","meta":{"_bbp_topic_count":0,"_bbp_reply_count":0,"_bbp_total_topic_count":0,"_bbp_total_reply_count":0,"_bbp_voice_count":0,"_bbp_anonymous_reply_count":0,"_bbp_topic_count_hidden":0,"_bbp_reply_count_hidden":0,"_bbp_forum_subforum_count":0,"footnotes":""},"categories":[189],"tags":[224,234,205,211,233],"class_list":["post-1119","post","type-post","status-publish","format-standard","hentry","category-feina-fp","tag-administracio-i-finances","tag-atencio-a-la-depependencia","tag-cicles-formatius","tag-dependencia","tag-gestio-administrativa"],"post_mailing_queue_ids":[],"_links":{"self":[{"href":"https:\/\/agora.xtec.cat\/ins-intermunicipal\/wp-json\/wp\/v2\/posts\/1119","targetHints":{"allow":["GET"]}}],"collection":[{"href":"https:\/\/agora.xtec.cat\/ins-intermunicipal\/wp-json\/wp\/v2\/posts"}],"about":[{"href":"https:\/\/agora.xtec.cat\/ins-intermunicipal\/wp-json\/wp\/v2\/types\/post"}],"author":[{"embeddable":true,"href":"https:\/\/agora.xtec.cat\/ins-intermunicipal\/wp-json\/wp\/v2\/users\/8"}],"replies":[{"embeddable":true,"href":"https:\/\/agora.xtec.cat\/ins-intermunicipal\/wp-json\/wp\/v2\/comments?post=1119"}],"version-history":[{"count":3,"href":"https:\/\/agora.xtec.cat\/ins-intermunicipal\/wp-json\/wp\/v2\/posts\/1119\/revisions"}],"predecessor-version":[{"id":1123,"href":"https:\/\/agora.xtec.cat\/ins-intermunicipal\/wp-json\/wp\/v2\/posts\/1119\/revisions\/1123"}],"wp:attachment":[{"href":"https:\/\/agora.xtec.cat\/ins-intermunicipal\/wp-json\/wp\/v2\/media?parent=1119"}],"wp:term":[{"taxonomy":"category","embeddable":true,"href":"https:\/\/agora.xtec.cat\/ins-intermunicipal\/wp-json\/wp\/v2\/categories?post=1119"},{"taxonomy":"post_tag","embeddable":true,"href":"https:\/\/agora.xtec.cat\/ins-intermunicipal\/wp-json\/wp\/v2\/tags?post=1119"}],"curies":[{"name":"wp","href":"https:\/\/api.w.org\/{rel}","templated":true}]}}