{"id":1111,"date":"2023-09-18T18:09:16","date_gmt":"2023-09-18T16:09:16","guid":{"rendered":"https:\/\/agora.xtec.cat\/ins-intermunicipal\/?p=1111"},"modified":"2023-09-18T18:09:16","modified_gmt":"2023-09-18T16:09:16","slug":"a-linter-sense-mobils","status":"publish","type":"post","link":"https:\/\/agora.xtec.cat\/ins-intermunicipal\/general\/a-linter-sense-mobils\/","title":{"rendered":"A l&#8217;\u00cdnter, sense m\u00f2bils"},"content":{"rendered":"<p style=\"text-align: justify;\"><a href=\"https:\/\/agora.xtec.cat\/ins-intermunicipal\/wp-content\/uploads\/usu2220\/2023\/09\/Sense-mobils-scaled-e1694951748450.jpg\"><img loading=\"lazy\" decoding=\"async\" class=\"wp-image-1107 alignright\" src=\"https:\/\/agora.xtec.cat\/ins-intermunicipal\/wp-content\/uploads\/usu2220\/2023\/09\/Sense-mobils-300x287.jpg\" alt=\"\" width=\"387\" height=\"370\" \/><\/a><span style=\"font-weight: 400;\">Probablement, aquest estiu haureu llegit als diaris que cada vegada s\u00f3n m\u00e9s els instituts que estan limitant del tot l\u2019\u00fas dels m\u00f2bils a les seves instal\u00b7lacions. Aquest tamb\u00e9 \u00e9s el cas del nostre institut. Despr\u00e9s de parlar-ne i reflexionar-hi, el claustre de professors ha decidit que el curs 2023-2024 no se\u2019n permet\u00e9s l\u2019\u00fas dins del centre.<\/span><\/p>\n<p style=\"text-align: justify;\"><span style=\"font-weight: 400;\">M\u00e9s enll\u00e0 dels diversos informes que s\u2019han publicat sobre com pot influir l\u2019\u00fas excessiu d\u2019aquests aparells tant en els nens i adolescents com en els adults, el professorat de l\u2019Intermunicipal hem constatat diverses conductes que ens han fet decidir. L\u2019experi\u00e8ncia viscuda els darrers cursos ens ha fet adonar de l\u2019alarmant depend\u00e8ncia dels nois i noies respectes dels seus tel\u00e8fons, fins el punt que tot i que es raon\u00e9s amb ells la necessitat d\u2019evitar-ho, molts no se\u2019n podien estar de fer-ne \u00fas a l\u2019aula. La pressi\u00f3 de rec\u00f3rrer al m\u00f2bil per veure si havien rebut missatges, per comprovar els <em>likes<\/em> o, en casos extrems, per rebre trucades i interrompre la feina de tot el grup, no permet concentrar-se ni seguir les classes d\u2019una manera profitosa.<\/span><\/p>\n<p style=\"text-align: justify;\"><span style=\"font-weight: 400;\">A banda de la ra\u00f3 anterior, tamb\u00e9 ens trobem que els ginys electr\u00f2nics (m\u00f2bils i rellotges connectats a internet) s\u2019han convertit en la versi\u00f3 contempor\u00e0nia del que sempre n\u2019hem dit <\/span><i><span style=\"font-weight: 400;\">xuletes.<\/span><\/i><span style=\"font-weight: 400;\"> En aquest cas la depend\u00e8ncia fa que el m\u00f2bil substitueixi els coneixements i les pr\u00f2pies compet\u00e8ncies per all\u00f2 que de manera m\u00e9s o menys encertada es pugui trobar a internet o als documents pr\u00e8viament guardats. Ens hem trobat amb casos d\u2019alumnes que sabent que hauran de desprendre\u2019s del m\u00f2bil durant els ex\u00e0mens, en porten un altre d\u2019amagat. \u00c9s ben evident que si no els ensenyem a enfrontar-se a les dificultats de la feina o de la vida sense la crossa del m\u00f2bil, aquestes noies i nois mai no caminaran amb prou seguretat.<\/span><\/p>\n<p style=\"text-align: justify;\"><span style=\"font-weight: 400;\">El m\u00f2bil ha estat tamb\u00e9 en ocasions l\u2019eina que alguns han emprat per fer <\/span><i><span style=\"font-weight: 400;\">bulling<\/span><\/i><span style=\"font-weight: 400;\"> a algun company o companya i per assetjar-los a totes hores dins i fora de l\u2019institut. Tots sabem, perqu\u00e8 ho veiem a les xarxes, que el suposat anonimat que ens dona internet permet fer mal amb impunitat. Per tant, creiem que cal evitar, sobretot en el cas dels m\u00e9s joves, donar eines que puguin causar dolor. Cal educar-los en l\u2019\u00fas dels aparells electr\u00f2nics, s\u00ed, per\u00f2 cal fer-ho tamb\u00e9 quan ja hi hagi una maduresa suficient per valorar qu\u00e8 est\u00e0 b\u00e9 i qu\u00e8 no ho est\u00e0. I ja sabem que pel que fa a les xarxes socials, sovint ni tan sols els adults en fem un bon \u00fas.<\/span><\/p>\n<p style=\"text-align: justify;\"><span style=\"font-weight: 400;\">Quan en parlem amb ells, molts alumnes reconeixen la forta depend\u00e8ncia que pateixen del m\u00f2bil, tant pel que fa als jocs com a les xarxes socials. Alguns que han fet la prova d\u2019activar l\u2019aplicaci\u00f3 que permet saber les hores de connexi\u00f3, ens expliquen com sovint s\u2019acosten i fins i tot superen les 8 hores di\u00e0ries, i aix\u00f2 no nom\u00e9s s\u00f3n hores perdudes a l\u2019institut, tamb\u00e9 s\u00f3n hores de son que no es dormen i hores de relaci\u00f3 amb els amics, germans i pares que ja no es podran recuperar.\u00a0<\/span><\/p>\n<p style=\"text-align: justify;\"><span style=\"font-weight: 400;\">El m\u00f2bil s\u2019ha convertit per molts adolescents en un objecte de desig exagerat, la qual cosa ha provocat que puntualment es produ\u00eds algun furt amb tota la problem\u00e0tica associada a aquest fet o provoca, tamb\u00e9, que molta part de la vida adolescent giri a l\u2019entorn d\u2019aquest aparell. Les conseq\u00fc\u00e8ncies de tanta depend\u00e8ncia s\u00f3n evidents: irritabilitat, alteracions del son, manca d\u2019atenci\u00f3, disminuci\u00f3 del rendiment escolar o, com moltes vegades hem experimentat, una distorsi\u00f3 de la realitat que fa que tot all\u00f2 que passi fora del m\u00f2bil sigui secundari i hagi d\u2019esperar.<\/span><\/p>\n<p style=\"text-align: justify;\"><span style=\"font-weight: 400;\">Tot i aix\u00ed, no hem de culpar els adolescents, en realitat ells s\u00f3n les v\u00edctimes m\u00e9s d\u00e8bils d\u2019internet. Des de l\u2019\u00e0mbit de la salut ja s\u2019ha estudiat la causa de l&#8217;addicci\u00f3 als m\u00f2bils i, a m\u00e9s, alguns enginyers que treballen en el sector de les xarxes socials han dit obertament que cada vegada que rebem un reconeixement en forma de <\/span><i><span style=\"font-weight: 400;\">like<\/span><\/i><span style=\"font-weight: 400;\"> o una visita o un reconeixement, es produeix en el nostre cervell una desc\u00e0rrega de dopamina, un neurotransmissor que entre altres funcions t\u00e9 la de fer-nos sentir un plaer immediat i, en aquest cas, artificial i poc durador. \u00c9s clar que ara que sabem aix\u00f2, tamb\u00e9 sabem que necessitarem molts <\/span><i><span style=\"font-weight: 400;\">likes<\/span><\/i><span style=\"font-weight: 400;\"> per mantenir un cert estat de felicitat i per evitar la sensaci\u00f3 de frustraci\u00f3 que es dona si no en rebem.\u00a0<\/span><\/p>\n<p style=\"text-align: justify;\"><span style=\"font-weight: 400;\">I tornant al principi, el claustre del nostre institut ha decidit que aquest sigui un centre lliure de m\u00f2bils. Som molt conscients que <a href=\"https:\/\/agora.xtec.cat\/ins-intermunicipal\/wp-content\/uploads\/usu2220\/2023\/09\/Normativa-aparells-electrA\u00b2nics.pdf\" target=\"_blank\" rel=\"noopener\">no ser\u00e0 f\u00e0cil i que hi haur\u00e0 d\u2019entrada alguns conflictes<\/a>, per\u00f2 tamb\u00e9 tenim molt clar que no podem eludir la responsabilitat d\u2019ajudar els nostres alumnes i fer-los experimentar que poden viure la seva vida acad\u00e8mica i les relacions socials amb les companyes i els companys, a l\u2019aula o al pati, sense dependre d\u2019una addicci\u00f3 al m\u00f2bil que, constru\u00efda sobre les sensacions d\u2019una falsa felicitat, els est\u00e0 prenent oportunitats i moltes hores de la seva vida.<\/span><\/p>\n","protected":false},"excerpt":{"rendered":"<p><a href=\"https:\/\/agora.xtec.cat\/ins-intermunicipal\/wp-content\/uploads\/usu2220\/2023\/09\/Sense-mobils-scaled-e1694951748450.jpg\"><\/a>Probablement, aquest estiu haureu llegit als diaris que cada vegada s\u00f3n m\u00e9s els instituts que estan limitant del tot l\u2019\u00fas dels m\u00f2bils a les seves instal\u00b7lacions. Aquest tamb\u00e9 \u00e9s el cas del nostre institut. Despr\u00e9s de parlar-ne i reflexionar-hi, el claustre de professors ha&hellip;  <a href=\"https:\/\/agora.xtec.cat\/ins-intermunicipal\/general\/a-linter-sense-mobils\/\" title=\"Read A l&#8217;\u00cdnter, sense m\u00f2bils\">Llegeix m\u00e9s\u00bb<\/a><\/p>\n","protected":false},"author":7,"featured_media":1107,"comment_status":"closed","ping_status":"closed","sticky":false,"template":"","format":"standard","meta":{"_bbp_topic_count":0,"_bbp_reply_count":0,"_bbp_total_topic_count":0,"_bbp_total_reply_count":0,"_bbp_voice_count":0,"_bbp_anonymous_reply_count":0,"_bbp_topic_count_hidden":0,"_bbp_reply_count_hidden":0,"_bbp_forum_subforum_count":0,"footnotes":""},"categories":[1,29],"tags":[226,232,211,229,231,228,225,230,227],"class_list":["post-1111","post","type-post","status-publish","format-standard","has-post-thumbnail","hentry","category-general","category-portada","tag-addiccio","tag-bulling","tag-dependencia","tag-dopamina","tag-internet","tag-like","tag-mobil","tag-relacions-socials","tag-xarxes-socials"],"post_mailing_queue_ids":[],"_links":{"self":[{"href":"https:\/\/agora.xtec.cat\/ins-intermunicipal\/wp-json\/wp\/v2\/posts\/1111","targetHints":{"allow":["GET"]}}],"collection":[{"href":"https:\/\/agora.xtec.cat\/ins-intermunicipal\/wp-json\/wp\/v2\/posts"}],"about":[{"href":"https:\/\/agora.xtec.cat\/ins-intermunicipal\/wp-json\/wp\/v2\/types\/post"}],"author":[{"embeddable":true,"href":"https:\/\/agora.xtec.cat\/ins-intermunicipal\/wp-json\/wp\/v2\/users\/7"}],"replies":[{"embeddable":true,"href":"https:\/\/agora.xtec.cat\/ins-intermunicipal\/wp-json\/wp\/v2\/comments?post=1111"}],"version-history":[{"count":3,"href":"https:\/\/agora.xtec.cat\/ins-intermunicipal\/wp-json\/wp\/v2\/posts\/1111\/revisions"}],"predecessor-version":[{"id":1118,"href":"https:\/\/agora.xtec.cat\/ins-intermunicipal\/wp-json\/wp\/v2\/posts\/1111\/revisions\/1118"}],"wp:featuredmedia":[{"embeddable":true,"href":"https:\/\/agora.xtec.cat\/ins-intermunicipal\/wp-json\/wp\/v2\/media\/1107"}],"wp:attachment":[{"href":"https:\/\/agora.xtec.cat\/ins-intermunicipal\/wp-json\/wp\/v2\/media?parent=1111"}],"wp:term":[{"taxonomy":"category","embeddable":true,"href":"https:\/\/agora.xtec.cat\/ins-intermunicipal\/wp-json\/wp\/v2\/categories?post=1111"},{"taxonomy":"post_tag","embeddable":true,"href":"https:\/\/agora.xtec.cat\/ins-intermunicipal\/wp-json\/wp\/v2\/tags?post=1111"}],"curies":[{"name":"wp","href":"https:\/\/api.w.org\/{rel}","templated":true}]}}