{"id":1072,"date":"2023-09-07T20:32:25","date_gmt":"2023-09-07T18:32:25","guid":{"rendered":"https:\/\/agora.xtec.cat\/ins-intermunicipal\/?p=1072"},"modified":"2023-09-08T18:30:30","modified_gmt":"2023-09-08T16:30:30","slug":"preparant-linici-de-curs-dfp","status":"publish","type":"post","link":"https:\/\/agora.xtec.cat\/ins-intermunicipal\/general\/preparant-linici-de-curs-dfp\/","title":{"rendered":"Preparant l&#8217;inici de curs d&#8217;FP"},"content":{"rendered":"<p><a href=\"https:\/\/agora.xtec.cat\/ins-intermunicipal\/wp-content\/uploads\/usu2220\/2023\/09\/Inici-de-curs-23-24-e1694190297145.jpg\"><img loading=\"lazy\" decoding=\"async\" class=\"wp-image-1073 alignright\" src=\"https:\/\/agora.xtec.cat\/ins-intermunicipal\/wp-content\/uploads\/usu2220\/2023\/09\/Inici-de-curs-23-24-e1694190297145.jpg\" alt=\"\" width=\"450\" height=\"338\" \/><\/a>L&#8217;equip directiu, de docents, administratiu, consergeria i neteja estem preparant amb moltes ganes l&#8217;inici del curs per l&#8217;alumnat d&#8217;FP: cicles formatius i PFI, que comen\u00e7a el 12 de setembre.<\/p>\n<p>El primer dia, a les 15:10, farem la benvinguda a l&#8217;alumnat de primer curs a la sala d&#8217;actes, mentre que els de segon aniran directament amb els seus tutors. Una vegada estiguem a classe, repassarem la normativa, els horaris, ens coneixerem tots i a partir de les 17:10 comen\u00e7arem les classes.<\/p>\n<p>L&#8217;equip est\u00e0 molt engrescat. Aquest any comencen nous cicles: el CFGS d&#8217;integraci\u00f3 Social i el CFGM Farm\u00e0cia i Parafarm\u00e0cia, i estem coordinant-nos per oferir-vos nous serveis. Entre aquests, el d&#8217;ofertes de feina que a partir d&#8217;ara podreu veure directament des d&#8217;aquesta web.<\/p>\n<p>Us esperem el dia 12 i us desitgem un molt bon inici de curs.<\/p>\n","protected":false},"excerpt":{"rendered":"<p><a href=\"https:\/\/agora.xtec.cat\/ins-intermunicipal\/wp-content\/uploads\/usu2220\/2023\/09\/Inici-de-curs-23-24-e1694190297145.jpg\"><\/a>L&#8217;equip directiu, de docents, administratiu, consergeria i neteja estem preparant amb moltes ganes l&#8217;inici del curs per l&#8217;alumnat d&#8217;FP: cicles formatius i PFI, que comen\u00e7a el 12 de setembre.<br \/>\nEl primer dia, a les 15:10, farem la benvinguda a l&#8217;alumnat de primer curs a la&hellip;  <a href=\"https:\/\/agora.xtec.cat\/ins-intermunicipal\/general\/preparant-linici-de-curs-dfp\/\" title=\"Read Preparant l&#8217;inici de curs d&#8217;FP\">Llegeix m\u00e9s\u00bb<\/a><\/p>\n","protected":false},"author":8,"featured_media":1073,"comment_status":"closed","ping_status":"closed","sticky":false,"template":"","format":"standard","meta":{"_bbp_topic_count":0,"_bbp_reply_count":0,"_bbp_total_topic_count":0,"_bbp_total_reply_count":0,"_bbp_voice_count":0,"_bbp_anonymous_reply_count":0,"_bbp_topic_count_hidden":0,"_bbp_reply_count_hidden":0,"_bbp_forum_subforum_count":0,"footnotes":""},"categories":[30,1,29],"tags":[221,219],"class_list":["post-1072","post","type-post","status-publish","format-standard","has-post-thumbnail","hentry","category-formacio-professional","category-general","category-portada","tag-formacio-professional","tag-inici-de-curs"],"post_mailing_queue_ids":[],"_links":{"self":[{"href":"https:\/\/agora.xtec.cat\/ins-intermunicipal\/wp-json\/wp\/v2\/posts\/1072","targetHints":{"allow":["GET"]}}],"collection":[{"href":"https:\/\/agora.xtec.cat\/ins-intermunicipal\/wp-json\/wp\/v2\/posts"}],"about":[{"href":"https:\/\/agora.xtec.cat\/ins-intermunicipal\/wp-json\/wp\/v2\/types\/post"}],"author":[{"embeddable":true,"href":"https:\/\/agora.xtec.cat\/ins-intermunicipal\/wp-json\/wp\/v2\/users\/8"}],"replies":[{"embeddable":true,"href":"https:\/\/agora.xtec.cat\/ins-intermunicipal\/wp-json\/wp\/v2\/comments?post=1072"}],"version-history":[{"count":3,"href":"https:\/\/agora.xtec.cat\/ins-intermunicipal\/wp-json\/wp\/v2\/posts\/1072\/revisions"}],"predecessor-version":[{"id":1092,"href":"https:\/\/agora.xtec.cat\/ins-intermunicipal\/wp-json\/wp\/v2\/posts\/1072\/revisions\/1092"}],"wp:featuredmedia":[{"embeddable":true,"href":"https:\/\/agora.xtec.cat\/ins-intermunicipal\/wp-json\/wp\/v2\/media\/1073"}],"wp:attachment":[{"href":"https:\/\/agora.xtec.cat\/ins-intermunicipal\/wp-json\/wp\/v2\/media?parent=1072"}],"wp:term":[{"taxonomy":"category","embeddable":true,"href":"https:\/\/agora.xtec.cat\/ins-intermunicipal\/wp-json\/wp\/v2\/categories?post=1072"},{"taxonomy":"post_tag","embeddable":true,"href":"https:\/\/agora.xtec.cat\/ins-intermunicipal\/wp-json\/wp\/v2\/tags?post=1072"}],"curies":[{"name":"wp","href":"https:\/\/api.w.org\/{rel}","templated":true}]}}