{"id":1065,"date":"2023-09-04T19:18:41","date_gmt":"2023-09-04T17:18:41","guid":{"rendered":"https:\/\/agora.xtec.cat\/ins-intermunicipal\/?p=1065"},"modified":"2023-09-04T19:18:41","modified_gmt":"2023-09-04T17:18:41","slug":"tornem-a-les-aules","status":"publish","type":"post","link":"https:\/\/agora.xtec.cat\/ins-intermunicipal\/general\/tornem-a-les-aules\/","title":{"rendered":"Tornem a les aules"},"content":{"rendered":"<p dir=\"ltr\" style=\"text-align: justify;\"><a href=\"https:\/\/agora.xtec.cat\/ins-intermunicipal\/wp-content\/uploads\/usu2220\/2023\/01\/DSC_9698-1.jpg\"><img loading=\"lazy\" decoding=\"async\" class=\"wp-image-666 alignleft\" src=\"https:\/\/agora.xtec.cat\/ins-intermunicipal\/wp-content\/uploads\/usu2220\/2023\/01\/DSC_9698-1.jpg\" alt=\"\" width=\"388\" height=\"258\" srcset=\"https:\/\/agora.xtec.cat\/ins-intermunicipal\/wp-content\/uploads\/usu2220\/2023\/01\/DSC_9698-1.jpg 1024w, https:\/\/agora.xtec.cat\/ins-intermunicipal\/wp-content\/uploads\/usu2220\/2023\/01\/DSC_9698-1-300x200.jpg 300w, https:\/\/agora.xtec.cat\/ins-intermunicipal\/wp-content\/uploads\/usu2220\/2023\/01\/DSC_9698-1-768x511.jpg 768w\" sizes=\"auto, (max-width: 388px) 100vw, 388px\" \/><\/a>Despr\u00e9s de l&#8217;estiu, tornem a les aules amb moltes ganes de retrobar-nos.\u00a0Pel que fa a l\u2019alumnat d\u2019<strong>ESO<\/strong>, l\u2019inici de les classes ser\u00e0 el dia <strong>6 de setembre<\/strong> a les <strong>8:30<\/strong>. L\u2019alumnat de 1r d\u2019ESO tindr\u00e0 una activitat d\u2019acollida de 3 hores de durada per tal de fer un primer contacte i coneixen\u00e7a de grup i passar\u00e0 despr\u00e9s al seu horari de classes habitual mentre que els i les alumnes de 2n, 3r i 4t d\u2019ESO tindran una sessi\u00f3 de Tutoria de 2 hores a l\u2019inici del dia per tal de, seguidament, passar tamb\u00e9 a seguir amb el seu horari. En canvi, l\u2019alumnat de <strong>Batxillerat<\/strong> comen\u00e7ar\u00e0 les seves classes el dia <strong>12 de setembre<\/strong> a les <strong>8:30<\/strong>. L&#8217;alumnat de <strong>Cicles Formatius<\/strong> tamb\u00e9 comen\u00e7ar\u00e0 les classes el <strong>12 de setembre<\/strong>, per\u00f2 en el seu cas ho faran a les <strong>15:10.<\/strong><\/p>\n<p dir=\"ltr\" style=\"text-align: justify;\">Tamb\u00e9 us volem recordar\u00a0que el dia 8 de setembre \u00e9s festa local i que el dia 11 de setembre \u00e9s festiu nacional i que, per tant, no hi haur\u00e0 classes aquests dos dies.<\/p>\n<p dir=\"ltr\" style=\"text-align: justify;\"><strong>\u00a0<\/strong>Finalment, us volem comentar-vos les dates i hores de les reunions amb les fam\u00edlies d\u2019inici de curs:<\/p>\n<div dir=\"ltr\" style=\"text-align: justify;\" align=\"center\">\n<table style=\"width: 53.41556%; height: 179px;\">\n<colgroup>\n<col width=\"113\" \/>\n<col width=\"113\" \/>\n<col width=\"208\" \/>\n<col width=\"208\" \/><\/colgroup>\n<tbody>\n<tr style=\"height: 57px;\">\n<td style=\"height: 57px; width: 25.400458%;\">\n<p dir=\"ltr\">05-09-2023<\/p>\n<\/td>\n<td style=\"height: 57px; width: 25.400458%;\">\n<p dir=\"ltr\">18:30 &#8211; 20:00<\/p>\n<\/td>\n<td style=\"height: 57px; width: 102.28833%;\">\n<p dir=\"ltr\">Fam\u00edlies de 1r d\u2019ESO<\/p>\n<\/td>\n<\/tr>\n<tr style=\"height: 57px;\">\n<td style=\"height: 57px; width: 25.400458%;\">\n<p dir=\"ltr\">12-09-2023<\/p>\n<\/td>\n<td style=\"height: 57px; width: 25.400458%;\">\n<p dir=\"ltr\">18:30 &#8211; 20:00<\/p>\n<\/td>\n<td style=\"height: 57px; width: 102.28833%;\">\n<p dir=\"ltr\">Fam\u00edlies de 1r i 2n de BAT<\/p>\n<\/td>\n<\/tr>\n<tr style=\"height: 57px;\">\n<td style=\"height: 57px; width: 25.400458%;\">\n<p dir=\"ltr\">19-09-2023<\/p>\n<\/td>\n<td style=\"height: 57px; width: 25.400458%;\">\n<p dir=\"ltr\">18:30 &#8211; 20:00<\/p>\n<\/td>\n<td style=\"height: 57px; width: 102.28833%;\">\n<p dir=\"ltr\">Fam\u00edlies de 2n, 3r i 4t d\u2019ESO<\/p>\n<\/td>\n<\/tr>\n<\/tbody>\n<\/table>\n<\/div>\n<p dir=\"ltr\" style=\"text-align: justify;\"><strong>\u00a0<\/strong>En aquestes reunions presentarem la Programaci\u00f3 General Anual per al 2023-24, basada en el Projecte de Direcci\u00f3 per als cursos 2022-26, comentarem la Normativa del Centre, presentarem l\u2019Equip Directiu i els Coordinadors\/es de nivell, explicarem aquelles q\u00fcestions generals de funcionament de centre que us puguin preocupar i visitarem breument les instal\u00b7lacions.<\/p>\n<p dir=\"ltr\" style=\"text-align: justify;\">\u00a0Esperem que tothom hagi passat un bon estiu i que tinguem un molt bon curs 2023-2024!<\/p>\n","protected":false},"excerpt":{"rendered":"<p><a href=\"https:\/\/agora.xtec.cat\/ins-intermunicipal\/wp-content\/uploads\/usu2220\/2023\/01\/DSC_9698-1.jpg\"><\/a>Despr\u00e9s de l&#8217;estiu, tornem a les aules amb moltes ganes de retrobar-nos.\u00a0Pel que fa a l\u2019alumnat d\u2019ESO, l\u2019inici de les classes ser\u00e0 el dia 6 de setembre a les 8:30. L\u2019alumnat de 1r d\u2019ESO tindr\u00e0 una activitat d\u2019acollida de 3 hores de durada per&hellip;  <a href=\"https:\/\/agora.xtec.cat\/ins-intermunicipal\/general\/tornem-a-les-aules\/\" title=\"Read Tornem a les aules\">Llegeix m\u00e9s\u00bb<\/a><\/p>\n","protected":false},"author":7,"featured_media":665,"comment_status":"closed","ping_status":"closed","sticky":false,"template":"","format":"standard","meta":{"_bbp_topic_count":0,"_bbp_reply_count":0,"_bbp_total_topic_count":0,"_bbp_total_reply_count":0,"_bbp_voice_count":0,"_bbp_anonymous_reply_count":0,"_bbp_topic_count_hidden":0,"_bbp_reply_count_hidden":0,"_bbp_forum_subforum_count":0,"footnotes":""},"categories":[1,29],"tags":[170,205,220,219],"class_list":["post-1065","post","type-post","status-publish","format-standard","has-post-thumbnail","hentry","category-general","category-portada","tag-batxillerat","tag-cicles-formatius","tag-eso","tag-inici-de-curs"],"post_mailing_queue_ids":[],"_links":{"self":[{"href":"https:\/\/agora.xtec.cat\/ins-intermunicipal\/wp-json\/wp\/v2\/posts\/1065","targetHints":{"allow":["GET"]}}],"collection":[{"href":"https:\/\/agora.xtec.cat\/ins-intermunicipal\/wp-json\/wp\/v2\/posts"}],"about":[{"href":"https:\/\/agora.xtec.cat\/ins-intermunicipal\/wp-json\/wp\/v2\/types\/post"}],"author":[{"embeddable":true,"href":"https:\/\/agora.xtec.cat\/ins-intermunicipal\/wp-json\/wp\/v2\/users\/7"}],"replies":[{"embeddable":true,"href":"https:\/\/agora.xtec.cat\/ins-intermunicipal\/wp-json\/wp\/v2\/comments?post=1065"}],"version-history":[{"count":3,"href":"https:\/\/agora.xtec.cat\/ins-intermunicipal\/wp-json\/wp\/v2\/posts\/1065\/revisions"}],"predecessor-version":[{"id":1071,"href":"https:\/\/agora.xtec.cat\/ins-intermunicipal\/wp-json\/wp\/v2\/posts\/1065\/revisions\/1071"}],"wp:featuredmedia":[{"embeddable":true,"href":"https:\/\/agora.xtec.cat\/ins-intermunicipal\/wp-json\/wp\/v2\/media\/665"}],"wp:attachment":[{"href":"https:\/\/agora.xtec.cat\/ins-intermunicipal\/wp-json\/wp\/v2\/media?parent=1065"}],"wp:term":[{"taxonomy":"category","embeddable":true,"href":"https:\/\/agora.xtec.cat\/ins-intermunicipal\/wp-json\/wp\/v2\/categories?post=1065"},{"taxonomy":"post_tag","embeddable":true,"href":"https:\/\/agora.xtec.cat\/ins-intermunicipal\/wp-json\/wp\/v2\/tags?post=1065"}],"curies":[{"name":"wp","href":"https:\/\/api.w.org\/{rel}","templated":true}]}}