{"id":1061,"date":"2023-08-30T12:33:42","date_gmt":"2023-08-30T10:33:42","guid":{"rendered":"https:\/\/agora.xtec.cat\/ins-intermunicipal\/?p=1061"},"modified":"2023-08-30T12:39:23","modified_gmt":"2023-08-30T10:39:23","slug":"oferta-atencio-domiciliaria-sad-a-lalt-penedes","status":"publish","type":"post","link":"https:\/\/agora.xtec.cat\/ins-intermunicipal\/formacio-professional\/feina-fp\/oferta-atencio-domiciliaria-sad-a-lalt-penedes\/","title":{"rendered":"Oferta atenci\u00f3 domicili\u00e0ria (SAD) a l&#8217;Alt Pened\u00e8s"},"content":{"rendered":"<div dir=\"auto\">\n<div dir=\"auto\">Busquem personal per formar part del nostre equip.<\/div>\n<div dir=\"auto\">Imprescindible: titulaci\u00f3 TCAE o titulaci\u00f3 en geriatria i cotxe<\/div>\n<div dir=\"auto\"><\/div>\n<div dir=\"auto\">Zona Alt Pened\u00e8s<\/div>\n<div dir=\"auto\"><\/div>\n<div dir=\"auto\">Podeu contactar amb nosaltres al<\/div>\n<div dir=\"auto\">684414712 0 al 684419745<\/div>\n<div dir=\"auto\"><\/div>\n<div dir=\"auto\">O enviar el vostre cv a atenciodomicilimans<span class=\"atwho-query\">@gmail.com<\/span><\/div>\n<div dir=\"auto\"><a href=\"https:\/\/agora.xtec.cat\/ins-intermunicipal\/wp-content\/uploads\/usu2220\/2023\/08\/Amigues.png\"><img loading=\"lazy\" decoding=\"async\" class=\"alignnone size-medium wp-image-1063\" src=\"https:\/\/agora.xtec.cat\/ins-intermunicipal\/wp-content\/uploads\/usu2220\/2023\/08\/Amigues-300x166.png\" alt=\"\" width=\"300\" height=\"166\" srcset=\"https:\/\/agora.xtec.cat\/ins-intermunicipal\/wp-content\/uploads\/usu2220\/2023\/08\/Amigues-300x167.png 300w, https:\/\/agora.xtec.cat\/ins-intermunicipal\/wp-content\/uploads\/usu2220\/2023\/08\/Amigues.png 302w\" sizes=\"auto, (max-width: 300px) 100vw, 300px\" \/><\/a><\/div>\n<div dir=\"auto\"><\/div>\n<\/div>\n","protected":false},"excerpt":{"rendered":"<p>Oferta per un\/a t\u00e8cnic\/a per a atenci\u00f3 domicili\u00e0ria a l&#8217;Alt Pened\u00e8s.&hellip;  <a href=\"https:\/\/agora.xtec.cat\/ins-intermunicipal\/formacio-professional\/feina-fp\/oferta-atencio-domiciliaria-sad-a-lalt-penedes\/\" title=\"Read Oferta atenci\u00f3 domicili\u00e0ria (SAD) a l&#8217;Alt Pened\u00e8s\">Llegeix m\u00e9s\u00bb<\/a><\/p>\n","protected":false},"author":8,"featured_media":0,"comment_status":"closed","ping_status":"closed","sticky":false,"template":"","format":"standard","meta":{"_bbp_topic_count":0,"_bbp_reply_count":0,"_bbp_total_topic_count":0,"_bbp_total_reply_count":0,"_bbp_voice_count":0,"_bbp_anonymous_reply_count":0,"_bbp_topic_count_hidden":0,"_bbp_reply_count_hidden":0,"_bbp_forum_subforum_count":0,"footnotes":""},"categories":[189],"tags":[218,217,171,211,213],"class_list":["post-1061","post","type-post","status-publish","format-standard","hentry","category-feina-fp","tag-alt-penedes","tag-atencio-domiciliaria","tag-cfgm","tag-dependencia","tag-gerocultor"],"post_mailing_queue_ids":[],"_links":{"self":[{"href":"https:\/\/agora.xtec.cat\/ins-intermunicipal\/wp-json\/wp\/v2\/posts\/1061","targetHints":{"allow":["GET"]}}],"collection":[{"href":"https:\/\/agora.xtec.cat\/ins-intermunicipal\/wp-json\/wp\/v2\/posts"}],"about":[{"href":"https:\/\/agora.xtec.cat\/ins-intermunicipal\/wp-json\/wp\/v2\/types\/post"}],"author":[{"embeddable":true,"href":"https:\/\/agora.xtec.cat\/ins-intermunicipal\/wp-json\/wp\/v2\/users\/8"}],"replies":[{"embeddable":true,"href":"https:\/\/agora.xtec.cat\/ins-intermunicipal\/wp-json\/wp\/v2\/comments?post=1061"}],"version-history":[{"count":2,"href":"https:\/\/agora.xtec.cat\/ins-intermunicipal\/wp-json\/wp\/v2\/posts\/1061\/revisions"}],"predecessor-version":[{"id":1064,"href":"https:\/\/agora.xtec.cat\/ins-intermunicipal\/wp-json\/wp\/v2\/posts\/1061\/revisions\/1064"}],"wp:attachment":[{"href":"https:\/\/agora.xtec.cat\/ins-intermunicipal\/wp-json\/wp\/v2\/media?parent=1061"}],"wp:term":[{"taxonomy":"category","embeddable":true,"href":"https:\/\/agora.xtec.cat\/ins-intermunicipal\/wp-json\/wp\/v2\/categories?post=1061"},{"taxonomy":"post_tag","embeddable":true,"href":"https:\/\/agora.xtec.cat\/ins-intermunicipal\/wp-json\/wp\/v2\/tags?post=1061"}],"curies":[{"name":"wp","href":"https:\/\/api.w.org\/{rel}","templated":true}]}}