{"id":1022,"date":"2023-07-28T10:39:58","date_gmt":"2023-07-28T08:39:58","guid":{"rendered":"https:\/\/agora.xtec.cat\/ins-intermunicipal\/?p=1022"},"modified":"2023-07-28T21:18:59","modified_gmt":"2023-07-28T19:18:59","slug":"recuperem-la-biblioteca","status":"publish","type":"post","link":"https:\/\/agora.xtec.cat\/ins-intermunicipal\/general\/recuperem-la-biblioteca\/","title":{"rendered":"Recuperem la biblioteca"},"content":{"rendered":"<p style=\"text-align: justify;\"><a href=\"https:\/\/agora.xtec.cat\/ins-intermunicipal\/wp-content\/uploads\/usu2220\/2023\/07\/2023_biblioteca.1.1.jpg\"><img loading=\"lazy\" decoding=\"async\" class=\"wp-image-1023 alignright\" src=\"https:\/\/agora.xtec.cat\/ins-intermunicipal\/wp-content\/uploads\/usu2220\/2023\/07\/2023_biblioteca.1.1.jpg\" alt=\"\" width=\"391\" height=\"294\" srcset=\"https:\/\/agora.xtec.cat\/ins-intermunicipal\/wp-content\/uploads\/usu2220\/2023\/07\/2023_biblioteca.1.1.jpg 900w, https:\/\/agora.xtec.cat\/ins-intermunicipal\/wp-content\/uploads\/usu2220\/2023\/07\/2023_biblioteca.1.1-300x225.jpg 300w, https:\/\/agora.xtec.cat\/ins-intermunicipal\/wp-content\/uploads\/usu2220\/2023\/07\/2023_biblioteca.1.1-768x576.jpg 768w, https:\/\/agora.xtec.cat\/ins-intermunicipal\/wp-content\/uploads\/usu2220\/2023\/07\/2023_biblioteca.1.1-200x150.jpg 200w\" sizes=\"auto, (max-width: 391px) 100vw, 391px\" \/><\/a>Recuperar la biblioteca escolar de l&#8217;institut era un dels objectius de cara al proper curs 2023-2024. Per aix\u00f2 vam buscar un lloc que result\u00e9s prou espai\u00f3s i amb bona llum natural per situar-hi aquest equipament i, despr\u00e9s de trobar-lo, s&#8217;hi han fet diverses tasques per tal de refor\u00e7ar la calefacci\u00f3 i millorar la il\u00b7luminaci\u00f3. Tamb\u00e9 s&#8217;ha repintat i s&#8217;hi han posat suficients connexions el\u00e8ctriques pels ordinadors dels usuaris. Finalment, tot i que s&#8217;han pogut aprofitar les prestatgeries existents pel seu bon estat, s\u00ed que s&#8217;ha posat mobiliari nou que pugui acollir c\u00f2modament els alumnes.<\/p>\n<p style=\"text-align: justify;\">Passat vacances, s&#8217;hi far\u00e0 el trasllat de llibres i les feines de catalogaci\u00f3 i organitzaci\u00f3 que calgui perqu\u00e8 els nostres alumnes en puguin fer \u00fas i treure&#8217;n profit tant aviat com sigui possible. Fet i fet, i tamb\u00e9 gr\u00e0cies a la important ajuda econ\u00f2mica de l&#8217;Associaci\u00f3 de Mares i Pares d&#8217;Alumnes, ja podem afirmar que comen\u00e7a a ser realitat la nova biblioteca escolar del nostre institut.<\/p>\n<p>&nbsp;<\/p>\n<p>&nbsp;<\/p>\n","protected":false},"excerpt":{"rendered":"<p><a href=\"https:\/\/agora.xtec.cat\/ins-intermunicipal\/wp-content\/uploads\/usu2220\/2023\/07\/2023_biblioteca.1.1.jpg\"><\/a>Recuperar la biblioteca escolar de l&#8217;institut era un dels objectius de cara al proper curs 2023-2024. Per aix\u00f2 vam buscar un lloc que result\u00e9s prou espai\u00f3s i amb bona llum natural per situar-hi aquest equipament i, despr\u00e9s de trobar-lo, s&#8217;hi han fet diverses tasques&hellip;  <a href=\"https:\/\/agora.xtec.cat\/ins-intermunicipal\/general\/recuperem-la-biblioteca\/\" title=\"Read Recuperem la biblioteca\">Llegeix m\u00e9s\u00bb<\/a><\/p>\n","protected":false},"author":7,"featured_media":1023,"comment_status":"closed","ping_status":"closed","sticky":false,"template":"","format":"standard","meta":{"_bbp_topic_count":0,"_bbp_reply_count":0,"_bbp_total_topic_count":0,"_bbp_total_reply_count":0,"_bbp_voice_count":0,"_bbp_anonymous_reply_count":0,"_bbp_topic_count_hidden":0,"_bbp_reply_count_hidden":0,"_bbp_forum_subforum_count":0,"footnotes":""},"categories":[1,29],"tags":[206],"class_list":["post-1022","post","type-post","status-publish","format-standard","has-post-thumbnail","hentry","category-general","category-portada","tag-biblioteca"],"post_mailing_queue_ids":[],"_links":{"self":[{"href":"https:\/\/agora.xtec.cat\/ins-intermunicipal\/wp-json\/wp\/v2\/posts\/1022","targetHints":{"allow":["GET"]}}],"collection":[{"href":"https:\/\/agora.xtec.cat\/ins-intermunicipal\/wp-json\/wp\/v2\/posts"}],"about":[{"href":"https:\/\/agora.xtec.cat\/ins-intermunicipal\/wp-json\/wp\/v2\/types\/post"}],"author":[{"embeddable":true,"href":"https:\/\/agora.xtec.cat\/ins-intermunicipal\/wp-json\/wp\/v2\/users\/7"}],"replies":[{"embeddable":true,"href":"https:\/\/agora.xtec.cat\/ins-intermunicipal\/wp-json\/wp\/v2\/comments?post=1022"}],"version-history":[{"count":3,"href":"https:\/\/agora.xtec.cat\/ins-intermunicipal\/wp-json\/wp\/v2\/posts\/1022\/revisions"}],"predecessor-version":[{"id":1028,"href":"https:\/\/agora.xtec.cat\/ins-intermunicipal\/wp-json\/wp\/v2\/posts\/1022\/revisions\/1028"}],"wp:featuredmedia":[{"embeddable":true,"href":"https:\/\/agora.xtec.cat\/ins-intermunicipal\/wp-json\/wp\/v2\/media\/1023"}],"wp:attachment":[{"href":"https:\/\/agora.xtec.cat\/ins-intermunicipal\/wp-json\/wp\/v2\/media?parent=1022"}],"wp:term":[{"taxonomy":"category","embeddable":true,"href":"https:\/\/agora.xtec.cat\/ins-intermunicipal\/wp-json\/wp\/v2\/categories?post=1022"},{"taxonomy":"post_tag","embeddable":true,"href":"https:\/\/agora.xtec.cat\/ins-intermunicipal\/wp-json\/wp\/v2\/tags?post=1022"}],"curies":[{"name":"wp","href":"https:\/\/api.w.org\/{rel}","templated":true}]}}