{"id":15588,"date":"2026-09-01T12:56:57","date_gmt":"2026-09-01T10:56:57","guid":{"rendered":"https:\/\/agora.xtec.cat\/ins-esport\/?p=15588"},"modified":"2026-09-01T13:10:50","modified_gmt":"2026-09-01T11:10:50","slug":"calendari-inici-de-curs-2026-2027","status":"publish","type":"post","link":"https:\/\/agora.xtec.cat\/ins-esport\/portada\/calendari-inici-de-curs-2026-2027\/","title":{"rendered":"Calendari inici de curs 2026-2027"},"content":{"rendered":"<p><strong>Horari del 1r dia de curs:<\/strong><\/p>\n<p><strong>La presentaci\u00f3 \u00e9s \u00fanicament per l&#8217;alumnat i han de portar paper i boligraf.<\/strong><\/p>\n<table style=\"border-collapse: collapse; width: 99.1077%; height: 672px;\">\n<tbody>\n<tr style=\"height: 32px;\">\n<td style=\"width: 25%; height: 32px;\">Curs<\/td>\n<td style=\"width: 25%; height: 32px;\">Dia<\/td>\n<td style=\"width: 25%; height: 32px;\">Horari<\/td>\n<td style=\"width: 25%; height: 32px;\">Aula<\/td>\n<\/tr>\n<tr style=\"height: 32px;\">\n<td style=\"width: 25%; height: 32px;\">1r IFE<\/td>\n<td style=\"width: 25%; height: 32px;\">14 de setembre<\/td>\n<td style=\"width: 25%; height: 32px;\">11:00 a 13:00<\/td>\n<td style=\"width: 25%; height: 32px;\">Taller<\/td>\n<\/tr>\n<tr style=\"height: 32px;\">\n<td style=\"width: 25%; height: 32px;\">2n IFE<\/td>\n<td style=\"width: 25%; height: 32px;\">14 de setembre<\/td>\n<td style=\"width: 25%; height: 32px;\">9:00 a 10:30<\/td>\n<td style=\"width: 25%; height: 32px;\">F43<\/td>\n<\/tr>\n<tr style=\"height: 32px;\">\n<td style=\"width: 25%; height: 32px;\">3r IFE<\/td>\n<td style=\"width: 25%; height: 32px;\">14 de setembre<\/td>\n<td style=\"width: 25%; height: 32px;\">9:00 a 10:30<\/td>\n<td style=\"width: 25%; height: 32px;\">Taller<\/td>\n<\/tr>\n<tr style=\"height: 32px;\">\n<td style=\"width: 25%; height: 32px;\">4t IFE<\/td>\n<td style=\"width: 25%; height: 32px;\">14 de setembre<\/td>\n<td style=\"width: 25%; height: 32px;\">9:00 a 10:30<\/td>\n<td style=\"width: 25%; height: 32px;\">F33<\/td>\n<\/tr>\n<tr style=\"height: 32px;\">\n<td style=\"width: 25%; height: 32px;\">PFI<\/td>\n<td style=\"width: 25%; height: 32px;\">14 de setembre<\/td>\n<td style=\"width: 25%; height: 32px;\">11:00 a 13:00<\/td>\n<td style=\"width: 25%; height: 32px;\">F33<\/td>\n<\/tr>\n<tr style=\"height: 32px;\">\n<td style=\"width: 25%; height: 32px;\">1r PFIE<\/td>\n<td style=\"width: 25%; height: 32px;\">14 de setembre<\/td>\n<td style=\"width: 25%; height: 32px;\">11:00 a 13:00<\/td>\n<td style=\"width: 25%; height: 32px;\">F43<\/td>\n<\/tr>\n<tr style=\"height: 32px;\">\n<td style=\"width: 25%; height: 32px;\">1r GUIAMNLL A<\/td>\n<td style=\"width: 25%; height: 32px;\">14 de setembre<\/td>\n<td style=\"width: 25%; height: 32px;\">11:00 a 13:00<\/td>\n<td style=\"width: 25%; height: 32px;\">F11<\/td>\n<\/tr>\n<tr style=\"height: 32px;\">\n<td style=\"width: 25%; height: 32px;\">1r GUIAMNLL B<\/td>\n<td style=\"width: 25%; height: 32px;\">14 de setembre<\/td>\n<td style=\"width: 25%; height: 32px;\">11:00 a 13:00<\/td>\n<td style=\"width: 25%; height: 32px;\">F15<\/td>\n<\/tr>\n<tr style=\"height: 32px;\">\n<td style=\"width: 25%; height: 32px;\">1r GUIAMNLL C<\/td>\n<td style=\"width: 25%; height: 32px;\">14 de setembre<\/td>\n<td style=\"width: 25%; height: 32px;\">11:00 a 13:00<\/td>\n<td style=\"width: 25%; height: 32px;\">F21<\/td>\n<\/tr>\n<tr style=\"height: 32px;\">\n<td style=\"width: 25%; height: 32px;\">2n GUIAMNLL A<\/td>\n<td style=\"width: 25%; height: 32px;\">14 de setembre<\/td>\n<td style=\"width: 25%; height: 32px;\">9:00 a 10:30<\/td>\n<td style=\"width: 25%; height: 32px;\">F41<\/td>\n<\/tr>\n<tr style=\"height: 32px;\">\n<td style=\"width: 25%; height: 32px;\">2n GUIAMNLL B<\/td>\n<td style=\"width: 25%; height: 32px;\">14 de setembre<\/td>\n<td style=\"width: 25%; height: 32px;\">9:00 a 10:30<\/td>\n<td style=\"width: 25%; height: 32px;\">F45<\/td>\n<\/tr>\n<tr style=\"height: 32px;\">\n<td style=\"width: 25%; height: 32px;\">2n GUIAMNLL C<\/td>\n<td style=\"width: 25%; height: 32px;\">14 de setembre<\/td>\n<td style=\"width: 25%; height: 32px;\">9:00 a 10:30<\/td>\n<td style=\"width: 25%; height: 32px;\">F35<\/td>\n<\/tr>\n<tr style=\"height: 32px;\">\n<td style=\"width: 25%; height: 32px;\">1A EAS<\/td>\n<td style=\"width: 25%; height: 32px;\">14 de setembre<\/td>\n<td style=\"width: 25%; height: 32px;\">11:00 a 13:00<\/td>\n<td style=\"width: 25%; height: 32px;\">F41<\/td>\n<\/tr>\n<tr style=\"height: 32px;\">\n<td style=\"width: 25%; height: 32px;\">1B EAS<\/td>\n<td style=\"width: 25%; height: 32px;\">14 de setembre<\/td>\n<td style=\"width: 25%; height: 32px;\">11:00 a 13:00<\/td>\n<td style=\"width: 25%; height: 32px;\">F45<\/td>\n<\/tr>\n<tr style=\"height: 32px;\">\n<td style=\"width: 25%; height: 32px;\">1C EAS<\/td>\n<td style=\"width: 25%; height: 32px;\">14 de setembre<\/td>\n<td style=\"width: 25%; height: 32px;\">15:30<\/td>\n<td style=\"width: 25%; height: 32px;\">F21<\/td>\n<\/tr>\n<tr style=\"height: 32px;\">\n<td style=\"width: 25%; height: 32px;\">2A EAS<\/td>\n<td style=\"width: 25%; height: 32px;\">14 de setembre<\/td>\n<td style=\"width: 25%; height: 32px;\">9:00 a 10:30<\/td>\n<td style=\"width: 25%; height: 32px;\">F31<\/td>\n<\/tr>\n<tr style=\"height: 32px;\">\n<td style=\"width: 25%; height: 32px;\">2B EAS<\/td>\n<td style=\"width: 25%; height: 32px;\">14 de setembre<\/td>\n<td style=\"width: 25%; height: 32px;\">9:00 a 10:30<\/td>\n<td style=\"width: 25%; height: 32px;\">F25<\/td>\n<\/tr>\n<tr style=\"height: 32px;\">\n<td style=\"width: 25%; height: 32px;\">2C EAS<\/td>\n<td style=\"width: 25%; height: 32px;\">14 de setembre<\/td>\n<td style=\"width: 25%; height: 32px;\">15:00<\/td>\n<td style=\"width: 25%; height: 32px;\">F25<\/td>\n<\/tr>\n<tr style=\"height: 32px;\">\n<td style=\"width: 25%; height: 32px;\">1A Condicionament F\u00edsic<\/td>\n<td style=\"width: 25%; height: 32px;\">14 de setembre<\/td>\n<td style=\"width: 25%; height: 32px;\">11:00 a 13:00<\/td>\n<td style=\"width: 25%; height: 32px;\">F31<\/td>\n<\/tr>\n<tr style=\"height: 32px;\">\n<td style=\"width: 25%; height: 32px;\">1B Condicionament F\u00edsic<\/td>\n<td style=\"width: 25%; height: 32px;\">14 de setembre<\/td>\n<td style=\"width: 25%; height: 32px;\">11:00 a 13:00<\/td>\n<td style=\"width: 25%; height: 32px;\">F35<\/td>\n<\/tr>\n<tr>\n<td style=\"width: 25%;\">1C Condicionament F\u00edsic<\/td>\n<td style=\"width: 25%;\">14 de setembre<\/td>\n<td style=\"width: 25%;\">15:30<\/td>\n<td style=\"width: 25%;\">F31<\/td>\n<\/tr>\n<tr>\n<td style=\"width: 25%;\">2A Condicionament F\u00edsic<\/td>\n<td style=\"width: 25%;\">14 de setembre<\/td>\n<td style=\"width: 25%;\">9:00 a 10:30<\/td>\n<td style=\"width: 25%;\">F30<\/td>\n<\/tr>\n<tr>\n<td style=\"width: 25%;\">2B Condicionament F\u00edsic<\/td>\n<td style=\"width: 25%;\">14 de setembre<\/td>\n<td style=\"width: 25%;\">9:00 a 10:30<\/td>\n<td style=\"width: 25%;\">F32<\/td>\n<\/tr>\n<tr>\n<td style=\"width: 25%;\">2C Condicionament F\u00edsic<\/td>\n<td style=\"width: 25%;\">14 de setembre<\/td>\n<td style=\"width: 25%;\">15:00<\/td>\n<td style=\"width: 25%;\">F35<\/td>\n<\/tr>\n<\/tbody>\n<\/table>\n<p>&nbsp;<\/p>\n","protected":false},"excerpt":{"rendered":"<p>Horari del 1r dia de curs:<br \/>\nLa presentaci\u00f3 \u00e9s \u00fanicament per l&#8217;alumnat i han de portar paper i boligraf.<\/p>\n<p>Curs<br \/>\nDia<br \/>\nHorari<br \/>\nAula<\/p>\n<p>1r IFE<br \/>\n14 de setembre<br \/>\n11:00 a 13:00<br \/>\nTaller<\/p>\n<p>2n IFE<br \/>\n14 de setembre<br \/>\n9:00 a 10:30<br \/>\nF43<\/p>\n<p>3r IFE<br \/>\n14 de setembre<br \/>\n9:00 a 10:30<br \/>\nTaller<\/p>\n<p>4t IFE<br \/>\n14 de setembre<br \/>\n9:00 a 10:30<br \/>\nF33<\/p>\n<p>PFI<br \/>\n14 de setembre<br \/>\n11:00 a 13:00<br \/>\nF33<\/p>\n<p>1r PFIE<br \/>\n14 de setembre<br \/>\n11:00&hellip;  <a href=\"https:\/\/agora.xtec.cat\/ins-esport\/portada\/calendari-inici-de-curs-2026-2027\/\" title=\"Read Calendari inici de curs 2026-2027\">Llegeix m\u00e9s\u00bb<\/a><\/p>\n","protected":false},"author":1,"featured_media":0,"comment_status":"closed","ping_status":"open","sticky":true,"template":"","format":"standard","meta":{"_bbp_topic_count":0,"_bbp_reply_count":0,"_bbp_total_topic_count":0,"_bbp_total_reply_count":0,"_bbp_voice_count":0,"_bbp_anonymous_reply_count":0,"_bbp_topic_count_hidden":0,"_bbp_reply_count_hidden":0,"_bbp_forum_subforum_count":0,"footnotes":""},"categories":[29],"tags":[],"class_list":["post-15588","post","type-post","status-publish","format-standard","hentry","category-portada"],"post_mailing_queue_ids":[],"_links":{"self":[{"href":"https:\/\/agora.xtec.cat\/ins-esport\/wp-json\/wp\/v2\/posts\/15588","targetHints":{"allow":["GET"]}}],"collection":[{"href":"https:\/\/agora.xtec.cat\/ins-esport\/wp-json\/wp\/v2\/posts"}],"about":[{"href":"https:\/\/agora.xtec.cat\/ins-esport\/wp-json\/wp\/v2\/types\/post"}],"author":[{"embeddable":true,"href":"https:\/\/agora.xtec.cat\/ins-esport\/wp-json\/wp\/v2\/users\/1"}],"replies":[{"embeddable":true,"href":"https:\/\/agora.xtec.cat\/ins-esport\/wp-json\/wp\/v2\/comments?post=15588"}],"version-history":[{"count":1,"href":"https:\/\/agora.xtec.cat\/ins-esport\/wp-json\/wp\/v2\/posts\/15588\/revisions"}],"predecessor-version":[{"id":15589,"href":"https:\/\/agora.xtec.cat\/ins-esport\/wp-json\/wp\/v2\/posts\/15588\/revisions\/15589"}],"wp:attachment":[{"href":"https:\/\/agora.xtec.cat\/ins-esport\/wp-json\/wp\/v2\/media?parent=15588"}],"wp:term":[{"taxonomy":"category","embeddable":true,"href":"https:\/\/agora.xtec.cat\/ins-esport\/wp-json\/wp\/v2\/categories?post=15588"},{"taxonomy":"post_tag","embeddable":true,"href":"https:\/\/agora.xtec.cat\/ins-esport\/wp-json\/wp\/v2\/tags?post=15588"}],"curies":[{"name":"wp","href":"https:\/\/api.w.org\/{rel}","templated":true}]}}