{"id":15307,"date":"2026-04-12T19:28:40","date_gmt":"2026-04-12T17:28:40","guid":{"rendered":"https:\/\/agora.xtec.cat\/ins-esport\/?p=15307"},"modified":"2026-04-12T19:34:47","modified_gmt":"2026-04-12T17:34:47","slug":"els-alumnes-de-condicionament-fisic-corren-per-a-una-causa-solidaria-a-la-cursa-dels-mossos-de-badalona","status":"publish","type":"post","link":"https:\/\/agora.xtec.cat\/ins-esport\/portada\/els-alumnes-de-condicionament-fisic-corren-per-a-una-causa-solidaria-a-la-cursa-dels-mossos-de-badalona\/","title":{"rendered":"L&#8217;alumnat de Condicionament F\u00edsic corre per a una causa solid\u00e0ria a la Cursa dels Mossos de Badalona"},"content":{"rendered":"<p>Aquest cap de setmana, l&#8217;alumnat de 1r curs del Cicle Formatiu de Grau Superior (CFGS) de Condicionament F\u00edsic ha canviat les aules pel paviment de la <a href=\"https:\/\/www.cursamossos.cat\/\">Cursa de Mossos d&#8217;Esquadra<\/a>, una cita que ha unit esport i comprom\u00eds social.<\/p>\n<p>Aquesta activitat s&#8217;emmarca dins la tasca final del M\u00f2dul Globalitzat de <strong>Fitness,<\/strong> permetent als estudiants posar en pr\u00e0ctica tot l&#8217;aprenentatge del curs en un entorn real i exigent.<\/p>\n<p>M\u00e9s enll\u00e0 de les marques personals, l&#8217;objectiu era contribuir a la causa ben\u00e8fica de la cursa, demostrant que l&#8217;esport \u00e9s una eina poderosa per a la millora social.<\/p>\n<p><em>&#8220;<strong>Estem molt orgullosos\/es de l&#8217;actitud i l&#8217;energia que ha demostrat el nostre alumnat. Han gaudit de l&#8217;experi\u00e8ncia i han deixat el llist\u00f3 molt alt, tant a nivell f\u00edsic com hum\u00e0.&#8221;<\/strong><\/em><\/p>\n<p>Enhorabona per la feina feta!<\/p>\n<p><img loading=\"lazy\" decoding=\"async\" class=\"aligncenter size-full wp-image-15308\" src=\"https:\/\/agora.xtec.cat\/ins-esport\/wp-content\/uploads\/usu2109\/2026\/04\/9211ef44-a839-4985-9ecd-b339197ed7a8.jpg\" alt=\"\" width=\"1536\" height=\"759\" srcset=\"https:\/\/agora.xtec.cat\/ins-esport\/wp-content\/uploads\/usu2109\/2026\/04\/9211ef44-a839-4985-9ecd-b339197ed7a8.jpg 1536w, https:\/\/agora.xtec.cat\/ins-esport\/wp-content\/uploads\/usu2109\/2026\/04\/9211ef44-a839-4985-9ecd-b339197ed7a8-300x148.jpg 300w, https:\/\/agora.xtec.cat\/ins-esport\/wp-content\/uploads\/usu2109\/2026\/04\/9211ef44-a839-4985-9ecd-b339197ed7a8-1024x506.jpg 1024w, https:\/\/agora.xtec.cat\/ins-esport\/wp-content\/uploads\/usu2109\/2026\/04\/9211ef44-a839-4985-9ecd-b339197ed7a8-768x380.jpg 768w\" sizes=\"auto, (max-width: 1536px) 100vw, 1536px\" \/><\/p>\n","protected":false},"excerpt":{"rendered":"<p>Aquest cap de setmana, l&#8217;alumnat de 1r curs del Cicle Formatiu de Grau Superior (CFGS) de Condicionament F\u00edsic ha canviat les aules pel paviment de la <a href=\"https:\/\/www.cursamossos.cat\/\">Cursa de Mossos d&#8217;Esquadra<\/a>, una cita que ha unit esport i comprom\u00eds social.<br \/>\nAquesta activitat s&#8217;emmarca dins la tasca&hellip;  <a href=\"https:\/\/agora.xtec.cat\/ins-esport\/portada\/els-alumnes-de-condicionament-fisic-corren-per-a-una-causa-solidaria-a-la-cursa-dels-mossos-de-badalona\/\" title=\"Read L&#8217;alumnat de Condicionament F\u00edsic corre per a una causa solid\u00e0ria a la Cursa dels Mossos de Badalona\">Llegeix m\u00e9s\u00bb<\/a><\/p>\n","protected":false},"author":1,"featured_media":15308,"comment_status":"closed","ping_status":"open","sticky":false,"template":"","format":"standard","meta":{"_bbp_topic_count":0,"_bbp_reply_count":0,"_bbp_total_topic_count":0,"_bbp_total_reply_count":0,"_bbp_voice_count":0,"_bbp_anonymous_reply_count":0,"_bbp_topic_count_hidden":0,"_bbp_reply_count_hidden":0,"_bbp_forum_subforum_count":0,"footnotes":""},"categories":[154,287,29],"tags":[],"class_list":["post-15307","post","type-post","status-publish","format-standard","has-post-thumbnail","hentry","category-estudis","category-cf","category-portada"],"post_mailing_queue_ids":[],"_links":{"self":[{"href":"https:\/\/agora.xtec.cat\/ins-esport\/wp-json\/wp\/v2\/posts\/15307","targetHints":{"allow":["GET"]}}],"collection":[{"href":"https:\/\/agora.xtec.cat\/ins-esport\/wp-json\/wp\/v2\/posts"}],"about":[{"href":"https:\/\/agora.xtec.cat\/ins-esport\/wp-json\/wp\/v2\/types\/post"}],"author":[{"embeddable":true,"href":"https:\/\/agora.xtec.cat\/ins-esport\/wp-json\/wp\/v2\/users\/1"}],"replies":[{"embeddable":true,"href":"https:\/\/agora.xtec.cat\/ins-esport\/wp-json\/wp\/v2\/comments?post=15307"}],"version-history":[{"count":5,"href":"https:\/\/agora.xtec.cat\/ins-esport\/wp-json\/wp\/v2\/posts\/15307\/revisions"}],"predecessor-version":[{"id":15313,"href":"https:\/\/agora.xtec.cat\/ins-esport\/wp-json\/wp\/v2\/posts\/15307\/revisions\/15313"}],"wp:featuredmedia":[{"embeddable":true,"href":"https:\/\/agora.xtec.cat\/ins-esport\/wp-json\/wp\/v2\/media\/15308"}],"wp:attachment":[{"href":"https:\/\/agora.xtec.cat\/ins-esport\/wp-json\/wp\/v2\/media?parent=15307"}],"wp:term":[{"taxonomy":"category","embeddable":true,"href":"https:\/\/agora.xtec.cat\/ins-esport\/wp-json\/wp\/v2\/categories?post=15307"},{"taxonomy":"post_tag","embeddable":true,"href":"https:\/\/agora.xtec.cat\/ins-esport\/wp-json\/wp\/v2\/tags?post=15307"}],"curies":[{"name":"wp","href":"https:\/\/api.w.org\/{rel}","templated":true}]}}