{"id":938,"date":"2017-03-09T10:26:14","date_gmt":"2017-03-09T09:26:14","guid":{"rendered":"http:\/\/agora.xtec.cat\/ins-esc-danielmangrane\/?p=938"},"modified":"2017-03-09T10:26:14","modified_gmt":"2017-03-09T09:26:14","slug":"excel%c2%b7lent-participacio-en-el-certamen-de-lectura-en-veu-alta","status":"publish","type":"post","link":"https:\/\/agora.xtec.cat\/ins-esc-danielmangrane\/vertex\/excel%c2%b7lent-participacio-en-el-certamen-de-lectura-en-veu-alta\/","title":{"rendered":"Excel\u00b7lent participaci\u00f3 en el Certamen de Lectura en Veu Alta"},"content":{"rendered":"<p>El passat dimarts 7 de mar\u00e7 vam participar en els quarts de final del XIII Certamen Nacional de Lectura en Veu Alta que es van celebrar als Serveis Territorials d&#8217;Ensenyament de Tortosa. Els nostres representants a les diferents categories van estar: Marina Degaldo a Grumets Vermells; Uriel Cardona a Grumets Verds; Irune Chavarr\u00eda a Corsaris; i l&#8217;equip format per Ahinoa Rivas, Raquel Gr\u00e0cia i Carme Franch a Tropa de Corsaris. Tots van tenir una fant\u00e0stica intervenci\u00f3 i el jurat va decidir que en dos de les quatre categories (Corsaris i Tropa de Corsaris), els nostres alumnes representen a Terres de l&#8217;Ebre en les semifinals que es celebraran a Tarragona el pr\u00f2xim 12 de maig. Enhorabona i molta sort!<\/p>\n<p><a href=\"http:\/\/agora.xtec.cat\/ins-esc-danielmangrane\/wp-content\/uploads\/usu362\/2017\/03\/IMG_7083.jpg\"><img loading=\"lazy\" decoding=\"async\" src=\"http:\/\/agora.xtec.cat\/ins-esc-danielmangrane\/wp-content\/uploads\/usu362\/2017\/03\/IMG_7083-300x225.jpg\" alt=\"\" width=\"300\" height=\"225\" class=\"alignnone size-medium wp-image-943\" srcset=\"https:\/\/agora.xtec.cat\/ins-esc-danielmangrane\/wp-content\/uploads\/usu362\/2017\/03\/IMG_7083-300x225.jpg 300w, https:\/\/agora.xtec.cat\/ins-esc-danielmangrane\/wp-content\/uploads\/usu362\/2017\/03\/IMG_7083-200x150.jpg 200w, https:\/\/agora.xtec.cat\/ins-esc-danielmangrane\/wp-content\/uploads\/usu362\/2017\/03\/IMG_7083.jpg 653w\" sizes=\"auto, (max-width: 300px) 100vw, 300px\" \/><\/a> <a href=\"http:\/\/agora.xtec.cat\/ins-esc-danielmangrane\/wp-content\/uploads\/usu362\/2017\/03\/IMG_7117.jpg\"><img loading=\"lazy\" decoding=\"async\" src=\"http:\/\/agora.xtec.cat\/ins-esc-danielmangrane\/wp-content\/uploads\/usu362\/2017\/03\/IMG_7117-225x300.jpg\" alt=\"\" width=\"225\" height=\"300\" class=\"alignnone size-medium wp-image-942\" srcset=\"https:\/\/agora.xtec.cat\/ins-esc-danielmangrane\/wp-content\/uploads\/usu362\/2017\/03\/IMG_7117-225x300.jpg 225w, https:\/\/agora.xtec.cat\/ins-esc-danielmangrane\/wp-content\/uploads\/usu362\/2017\/03\/IMG_7117.jpg 308w\" sizes=\"auto, (max-width: 225px) 100vw, 225px\" \/><\/a><\/p>\n<p><a href=\"http:\/\/agora.xtec.cat\/ins-esc-danielmangrane\/wp-content\/uploads\/usu362\/2017\/03\/IMG_7116.jpg\"><img loading=\"lazy\" decoding=\"async\" src=\"http:\/\/agora.xtec.cat\/ins-esc-danielmangrane\/wp-content\/uploads\/usu362\/2017\/03\/IMG_7116-225x300.jpg\" alt=\"\" width=\"225\" height=\"300\" class=\"alignnone size-medium wp-image-941\" srcset=\"https:\/\/agora.xtec.cat\/ins-esc-danielmangrane\/wp-content\/uploads\/usu362\/2017\/03\/IMG_7116-225x300.jpg 225w, https:\/\/agora.xtec.cat\/ins-esc-danielmangrane\/wp-content\/uploads\/usu362\/2017\/03\/IMG_7116.jpg 738w\" sizes=\"auto, (max-width: 225px) 100vw, 225px\" \/><\/a> <a href=\"http:\/\/agora.xtec.cat\/ins-esc-danielmangrane\/wp-content\/uploads\/usu362\/2017\/03\/IMG_7115.jpg\"><img loading=\"lazy\" decoding=\"async\" src=\"http:\/\/agora.xtec.cat\/ins-esc-danielmangrane\/wp-content\/uploads\/usu362\/2017\/03\/IMG_7115-225x300.jpg\" alt=\"\" width=\"225\" height=\"300\" class=\"alignnone size-medium wp-image-940\" srcset=\"https:\/\/agora.xtec.cat\/ins-esc-danielmangrane\/wp-content\/uploads\/usu362\/2017\/03\/IMG_7115-225x300.jpg 225w, https:\/\/agora.xtec.cat\/ins-esc-danielmangrane\/wp-content\/uploads\/usu362\/2017\/03\/IMG_7115.jpg 768w\" sizes=\"auto, (max-width: 225px) 100vw, 225px\" \/><\/a><\/p>\n","protected":false},"excerpt":{"rendered":"<p>El passat dimarts 7 de mar\u00e7 vam participar en els quarts de final del XIII Certamen Nacional de Lectura en Veu Alta que es van celebrar als Serveis Territorials d&#8217;Ensenyament de Tortosa. Els nostres representants a les diferents categories van estar: Marina Degaldo a Grumets&hellip;  <a href=\"https:\/\/agora.xtec.cat\/ins-esc-danielmangrane\/vertex\/excel%c2%b7lent-participacio-en-el-certamen-de-lectura-en-veu-alta\/\" title=\"Read Excel\u00b7lent participaci\u00f3 en el Certamen de Lectura en Veu Alta\">Llegeix m\u00e9s\u00bb<\/a><\/p>\n","protected":false},"author":1,"featured_media":939,"comment_status":"open","ping_status":"open","sticky":false,"template":"","format":"standard","meta":{"_bbp_topic_count":0,"_bbp_reply_count":0,"_bbp_total_topic_count":0,"_bbp_total_reply_count":0,"_bbp_voice_count":0,"_bbp_anonymous_reply_count":0,"_bbp_topic_count_hidden":0,"_bbp_reply_count_hidden":0,"_bbp_forum_subforum_count":0,"footnotes":""},"categories":[105,29,3],"tags":[97,126],"class_list":["post-938","post","type-post","status-publish","format-standard","has-post-thumbnail","hentry","category-epsilon","category-portada","category-vertex","tag-biblioteca","tag-lectura-en-veu-alta"],"post_mailing_queue_ids":[],"_links":{"self":[{"href":"https:\/\/agora.xtec.cat\/ins-esc-danielmangrane\/wp-json\/wp\/v2\/posts\/938","targetHints":{"allow":["GET"]}}],"collection":[{"href":"https:\/\/agora.xtec.cat\/ins-esc-danielmangrane\/wp-json\/wp\/v2\/posts"}],"about":[{"href":"https:\/\/agora.xtec.cat\/ins-esc-danielmangrane\/wp-json\/wp\/v2\/types\/post"}],"author":[{"embeddable":true,"href":"https:\/\/agora.xtec.cat\/ins-esc-danielmangrane\/wp-json\/wp\/v2\/users\/1"}],"replies":[{"embeddable":true,"href":"https:\/\/agora.xtec.cat\/ins-esc-danielmangrane\/wp-json\/wp\/v2\/comments?post=938"}],"version-history":[{"count":1,"href":"https:\/\/agora.xtec.cat\/ins-esc-danielmangrane\/wp-json\/wp\/v2\/posts\/938\/revisions"}],"predecessor-version":[{"id":944,"href":"https:\/\/agora.xtec.cat\/ins-esc-danielmangrane\/wp-json\/wp\/v2\/posts\/938\/revisions\/944"}],"wp:featuredmedia":[{"embeddable":true,"href":"https:\/\/agora.xtec.cat\/ins-esc-danielmangrane\/wp-json\/wp\/v2\/media\/939"}],"wp:attachment":[{"href":"https:\/\/agora.xtec.cat\/ins-esc-danielmangrane\/wp-json\/wp\/v2\/media?parent=938"}],"wp:term":[{"taxonomy":"category","embeddable":true,"href":"https:\/\/agora.xtec.cat\/ins-esc-danielmangrane\/wp-json\/wp\/v2\/categories?post=938"},{"taxonomy":"post_tag","embeddable":true,"href":"https:\/\/agora.xtec.cat\/ins-esc-danielmangrane\/wp-json\/wp\/v2\/tags?post=938"}],"curies":[{"name":"wp","href":"https:\/\/api.w.org\/{rel}","templated":true}]}}