{"id":6814,"date":"2022-11-19T15:45:38","date_gmt":"2022-11-19T14:45:38","guid":{"rendered":"https:\/\/agora.xtec.cat\/ins-esc-danielmangrane\/?p=6814"},"modified":"2022-11-22T12:09:58","modified_gmt":"2022-11-22T11:09:58","slug":"ermita-de-la-pietat-i-la-moleta-del-remei","status":"publish","type":"post","link":"https:\/\/agora.xtec.cat\/ins-esc-danielmangrane\/portada\/ermita-de-la-pietat-i-la-moleta-del-remei\/","title":{"rendered":"Ermita de la Pietat i la Moleta del Remei"},"content":{"rendered":"<p>El divendres 18 de novembre l&#8217;alumnat de primer d&#8217;ESO de l&#8217;Institut Escola Daniel Mangran\u00e9 van visitar el centre d&#8217;interpretaci\u00f3 i els abrics de les pintures prehist\u00f2riques de l&#8217;ermita de la Pietat d&#8217;Ulldecona. All\u00e0 van poder descobrir com vivien, ca\u00e7aven i s&#8217;organitzaven els pobladors d&#8217;aquesta zona al final del Paleol\u00edtic, enmig d&#8217;un magn\u00edfic paisatge i unes vistes espectaculars. <\/p>\n<p>A continuaci\u00f3 es van traslladar fins a l\u2019ermita del Remei, a Alcanar, on van poder visitar les restes del poblat ib\u00e8ric, situat en un empla\u00e7ament privilegiat i estrat\u00e8gic, per con\u00e8ixer la seva hist\u00f2ria i com vivien i s\u2019organitzaven els seus habitants i, finalment, van realitzar un taller d\u2019escriptura ib\u00e8rica amb peces de fang.<\/p>\n<p><a href=\"https:\/\/agora.xtec.cat\/ins-esc-danielmangrane\/wp-content\/uploads\/usu362\/2022\/11\/1668868860426.jpg\"><img loading=\"lazy\" decoding=\"async\" src=\"https:\/\/agora.xtec.cat\/ins-esc-danielmangrane\/wp-content\/uploads\/usu362\/2022\/11\/1668868860426-300x300.jpg\" alt=\"\" width=\"300\" height=\"300\" class=\"alignnone size-medium wp-image-6815\" srcset=\"https:\/\/agora.xtec.cat\/ins-esc-danielmangrane\/wp-content\/uploads\/usu362\/2022\/11\/1668868860426-300x300.jpg 300w, https:\/\/agora.xtec.cat\/ins-esc-danielmangrane\/wp-content\/uploads\/usu362\/2022\/11\/1668868860426-1024x1024.jpg 1024w, https:\/\/agora.xtec.cat\/ins-esc-danielmangrane\/wp-content\/uploads\/usu362\/2022\/11\/1668868860426-150x150.jpg 150w, https:\/\/agora.xtec.cat\/ins-esc-danielmangrane\/wp-content\/uploads\/usu362\/2022\/11\/1668868860426-768x768.jpg 768w, https:\/\/agora.xtec.cat\/ins-esc-danielmangrane\/wp-content\/uploads\/usu362\/2022\/11\/1668868860426-1536x1536.jpg 1536w, https:\/\/agora.xtec.cat\/ins-esc-danielmangrane\/wp-content\/uploads\/usu362\/2022\/11\/1668868860426.jpg 1599w\" sizes=\"auto, (max-width: 300px) 100vw, 300px\" \/><\/a><\/p>\n","protected":false},"excerpt":{"rendered":"<p>El divendres 18 de novembre l&#8217;alumnat de primer d&#8217;ESO de l&#8217;Institut Escola Daniel Mangran\u00e9 van visitar el centre d&#8217;interpretaci\u00f3 i els abrics de les pintures prehist\u00f2riques de l&#8217;ermita de la Pietat d&#8217;Ulldecona. All\u00e0 van poder descobrir com vivien, ca\u00e7aven i s&#8217;organitzaven els pobladors d&#8217;aquesta zona al final del Paleol\u00edtic, enmig d&#8217;un magn\u00edfic paisatge i unes [&hellip;]<\/p>\n","protected":false},"author":1,"featured_media":6815,"comment_status":"open","ping_status":"closed","sticky":false,"template":"","format":"standard","meta":{"_bbp_topic_count":0,"_bbp_reply_count":0,"_bbp_total_topic_count":0,"_bbp_total_reply_count":0,"_bbp_voice_count":0,"_bbp_anonymous_reply_count":0,"_bbp_topic_count_hidden":0,"_bbp_reply_count_hidden":0,"_bbp_forum_subforum_count":0,"site-sidebar-layout":"default","site-content-layout":"","ast-site-content-layout":"","site-content-style":"default","site-sidebar-style":"default","ast-global-header-display":"","ast-banner-title-visibility":"","ast-main-header-display":"","ast-hfb-above-header-display":"","ast-hfb-below-header-display":"","ast-hfb-mobile-header-display":"","site-post-title":"","ast-breadcrumbs-content":"","ast-featured-img":"","footer-sml-layout":"","theme-transparent-header-meta":"","adv-header-id-meta":"","stick-header-meta":"","header-above-stick-meta":"","header-main-stick-meta":"","header-below-stick-meta":"","astra-migrate-meta-layouts":"default","ast-page-background-enabled":"default","ast-page-background-meta":{"desktop":{"background-color":"var(--ast-global-color-4)","background-image":"","background-repeat":"repeat","background-position":"center center","background-size":"auto","background-attachment":"scroll","background-type":"","background-media":"","overlay-type":"","overlay-color":"","overlay-opacity":"","overlay-gradient":""},"tablet":{"background-color":"","background-image":"","background-repeat":"repeat","background-position":"center center","background-size":"auto","background-attachment":"scroll","background-type":"","background-media":"","overlay-type":"","overlay-color":"","overlay-opacity":"","overlay-gradient":""},"mobile":{"background-color":"","background-image":"","background-repeat":"repeat","background-position":"center center","background-size":"auto","background-attachment":"scroll","background-type":"","background-media":"","overlay-type":"","overlay-color":"","overlay-opacity":"","overlay-gradient":""}},"ast-content-background-meta":{"desktop":{"background-color":"var(--ast-global-color-5)","background-image":"","background-repeat":"repeat","background-position":"center center","background-size":"auto","background-attachment":"scroll","background-type":"","background-media":"","overlay-type":"","overlay-color":"","overlay-opacity":"","overlay-gradient":""},"tablet":{"background-color":"var(--ast-global-color-5)","background-image":"","background-repeat":"repeat","background-position":"center center","background-size":"auto","background-attachment":"scroll","background-type":"","background-media":"","overlay-type":"","overlay-color":"","overlay-opacity":"","overlay-gradient":""},"mobile":{"background-color":"var(--ast-global-color-5)","background-image":"","background-repeat":"repeat","background-position":"center center","background-size":"auto","background-attachment":"scroll","background-type":"","background-media":"","overlay-type":"","overlay-color":"","overlay-opacity":"","overlay-gradient":""}},"footnotes":""},"categories":[234,29],"tags":[108,191,39],"class_list":["post-6814","post","type-post","status-publish","format-standard","has-post-thumbnail","hentry","category-baula","category-portada","tag-ambit-social","tag-scap","tag-sortides"],"post_mailing_queue_ids":[],"_links":{"self":[{"href":"https:\/\/agora.xtec.cat\/ins-esc-danielmangrane\/wp-json\/wp\/v2\/posts\/6814","targetHints":{"allow":["GET"]}}],"collection":[{"href":"https:\/\/agora.xtec.cat\/ins-esc-danielmangrane\/wp-json\/wp\/v2\/posts"}],"about":[{"href":"https:\/\/agora.xtec.cat\/ins-esc-danielmangrane\/wp-json\/wp\/v2\/types\/post"}],"author":[{"embeddable":true,"href":"https:\/\/agora.xtec.cat\/ins-esc-danielmangrane\/wp-json\/wp\/v2\/users\/1"}],"replies":[{"embeddable":true,"href":"https:\/\/agora.xtec.cat\/ins-esc-danielmangrane\/wp-json\/wp\/v2\/comments?post=6814"}],"version-history":[{"count":2,"href":"https:\/\/agora.xtec.cat\/ins-esc-danielmangrane\/wp-json\/wp\/v2\/posts\/6814\/revisions"}],"predecessor-version":[{"id":6825,"href":"https:\/\/agora.xtec.cat\/ins-esc-danielmangrane\/wp-json\/wp\/v2\/posts\/6814\/revisions\/6825"}],"wp:featuredmedia":[{"embeddable":true,"href":"https:\/\/agora.xtec.cat\/ins-esc-danielmangrane\/wp-json\/wp\/v2\/media\/6815"}],"wp:attachment":[{"href":"https:\/\/agora.xtec.cat\/ins-esc-danielmangrane\/wp-json\/wp\/v2\/media?parent=6814"}],"wp:term":[{"taxonomy":"category","embeddable":true,"href":"https:\/\/agora.xtec.cat\/ins-esc-danielmangrane\/wp-json\/wp\/v2\/categories?post=6814"},{"taxonomy":"post_tag","embeddable":true,"href":"https:\/\/agora.xtec.cat\/ins-esc-danielmangrane\/wp-json\/wp\/v2\/tags?post=6814"}],"curies":[{"name":"wp","href":"https:\/\/api.w.org\/{rel}","templated":true}]}}