{"id":15620,"date":"2026-04-08T18:34:31","date_gmt":"2026-04-08T16:34:31","guid":{"rendered":"https:\/\/agora.xtec.cat\/ins-dolors-aleu-barcelona\/?p=15620"},"modified":"2026-04-08T18:34:31","modified_gmt":"2026-04-08T16:34:31","slug":"3r-deso-descobreix-lagricultura-ecologica-a-lortiga","status":"publish","type":"post","link":"https:\/\/agora.xtec.cat\/ins-dolors-aleu-barcelona\/general\/3r-deso-descobreix-lagricultura-ecologica-a-lortiga\/","title":{"rendered":"3r d&#8217;ESO descobreix l&#8217;agricultura ecol\u00f2gica a l&#8217;Ortiga"},"content":{"rendered":"<div dir=\"auto\">\n<p data-path-to-node=\"3\">Aquest dimecres, 8 d&#8217;abril, l&#8217;alumnat de 3r d&#8217;ESO ha visitat la finca de l&#8217;Ortiga, una cooperativa d&#8217;agricultura ecol\u00f2gica a Valldoreix.<\/p>\n<p data-path-to-node=\"3\">Guiats per la J\u00falia i en Mat\u00edas, l&#8217;alumnat ha fet un recorregut per la finca per recon\u00e8ixer diverses verdures de temporada i arbres fruiters directament sobre el terreny.<\/p>\n<p data-path-to-node=\"5\">Despr\u00e9s de la passejada, s&#8217;han posat mans a l&#8217;obra amb un taller molt pr\u00e0ctic on han elaborat les seves pr\u00f2pies sals arom\u00e0tiques. Utilitzant plantes del mateix entorn com el roman\u00ed, l&#8217;orenga, la farigola o el fonoll, cadasc\u00fa s&#8217;ha emportat a casa una barreja \u00fanica. Una sortida fant\u00e0stica per connectar amb la natura i aprendre sobre alimentaci\u00f3 sostenible!<\/p>\n<p data-path-to-node=\"5\">\r\n\t<div class=\"slideshow_container slideshow_container_style-light\" style=\"height: 600px; \" data-slideshow-id=\"15623\" data-style-name=\"style-light\" data-style-version=\"2.3.1\" >\r\n\r\n\t\t\t\t\t<div class=\"slideshow_loading_icon\"><\/div>\r\n\t\t\r\n\t\t<div class=\"slideshow_content\" style=\"display: none;\">\r\n\r\n\t\t\t<div class=\"slideshow_view\">\r\n\t\t\t\t<div class=\"slideshow_slide slideshow_slide_image\">\r\n\t\t\t\t\t\t\t\t\t\t\t<img src=\"https:\/\/agora.xtec.cat\/ins-dolors-aleu-barcelona\/wp-content\/uploads\/usu1296\/2026\/04\/WhatsApp-Image-2026-04-08-at-18.32.19.jpeg\" alt=\"WhatsApp Image 2026-04-08 at 18.32.19\" width=\"1280\" height=\"960\" \/>\r\n\t\t\t\t\t\t\t\t\t\t<div class=\"slideshow_description_box slideshow_transparent\">\r\n\t\t\t\t\t\t<div class=\"slideshow_title\">WhatsApp Image 2026-04-08 at 18.32.19<\/div>\t\t\t\t\t\t\t\t\t\t\t<\/div>\r\n\t\t\t\t<\/div>\r\n\r\n\t\t\t\t\t\t<div style=\"clear: both;\"><\/div><\/div><div class=\"slideshow_view\">\r\n\t\t\t\t<div class=\"slideshow_slide slideshow_slide_image\">\r\n\t\t\t\t\t\t\t\t\t\t\t<img src=\"https:\/\/agora.xtec.cat\/ins-dolors-aleu-barcelona\/wp-content\/uploads\/usu1296\/2026\/04\/1000049257-scaled.jpg\" alt=\"1000049257\" width=\"2560\" height=\"1440\" \/>\r\n\t\t\t\t\t\t\t\t\t\t<div class=\"slideshow_description_box slideshow_transparent\">\r\n\t\t\t\t\t\t<div class=\"slideshow_title\">1000049257<\/div>\t\t\t\t\t\t\t\t\t\t\t<\/div>\r\n\t\t\t\t<\/div>\r\n\r\n\t\t\t\t\t\t<div style=\"clear: both;\"><\/div><\/div><div class=\"slideshow_view\">\r\n\t\t\t\t<div class=\"slideshow_slide slideshow_slide_image\">\r\n\t\t\t\t\t\t\t\t\t\t\t<img src=\"https:\/\/agora.xtec.cat\/ins-dolors-aleu-barcelona\/wp-content\/uploads\/usu1296\/2026\/04\/1000049205-scaled.jpg\" alt=\"1000049205\" width=\"2560\" height=\"1920\" \/>\r\n\t\t\t\t\t\t\t\t\t\t<div class=\"slideshow_description_box slideshow_transparent\">\r\n\t\t\t\t\t\t<div class=\"slideshow_title\">1000049205<\/div>\t\t\t\t\t\t\t\t\t\t\t<\/div>\r\n\t\t\t\t<\/div>\r\n\r\n\t\t\t\t\t\t<div style=\"clear: both;\"><\/div><\/div><div class=\"slideshow_view\">\r\n\t\t\t\t<div class=\"slideshow_slide slideshow_slide_image\">\r\n\t\t\t\t\t\t\t\t\t\t\t<img src=\"https:\/\/agora.xtec.cat\/ins-dolors-aleu-barcelona\/wp-content\/uploads\/usu1296\/2026\/04\/1000049262-scaled.jpg\" alt=\"1000049262\" width=\"2560\" height=\"1920\" \/>\r\n\t\t\t\t\t\t\t\t\t\t<div class=\"slideshow_description_box slideshow_transparent\">\r\n\t\t\t\t\t\t<div class=\"slideshow_title\">1000049262<\/div>\t\t\t\t\t\t\t\t\t\t\t<\/div>\r\n\t\t\t\t<\/div>\r\n\r\n\t\t\t\t\t\t<div style=\"clear: both;\"><\/div><\/div>\r\n\t\t<\/div>\r\n\r\n\t\t<div class=\"slideshow_controlPanel slideshow_transparent\" style=\"display: none;\"><ul><li class=\"slideshow_togglePlay\" data-play-text=\"Visualitza\" data-pause-text=\"Pausa\"><\/li><\/ul><\/div>\r\n\r\n\t\t<div class=\"slideshow_button slideshow_previous slideshow_transparent\" role=\"button\" data-previous-text=\"Anterior\" style=\"display: none;\"><\/div>\r\n\t\t<div class=\"slideshow_button slideshow_next slideshow_transparent\" role=\"button\" data-next-text=\"Seg\u00fcent\" style=\"display: none;\"><\/div>\r\n\r\n\t\t<div class=\"slideshow_pagination\" style=\"display: none;\" data-go-to-text=\"V\u00e9s a la diapositiva\"><div class=\"slideshow_pagination_center\"><\/div><\/div>\r\n\r\n\t\t<!-- WordPress Slideshow Version 2.3.1 -->\r\n\r\n\t\t\t<\/div>\r\n\r\n<\/p>\n<p data-path-to-node=\"5\">\n<\/div>\n","protected":false},"excerpt":{"rendered":"<p>Aquest dimecres, 8 d&#8217;abril, l&#8217;alumnat de 3r d&#8217;ESO ha visitat la finca de l&#8217;Ortiga, una cooperativa d&#8217;agricultura ecol\u00f2gica a Valldoreix.<br \/>\nGuiats per la J\u00falia i en Mat\u00edas, l&#8217;alumnat ha fet un recorregut per la finca per recon\u00e8ixer diverses verdures de temporada i arbres fruiters directament sobre&hellip;  <a href=\"https:\/\/agora.xtec.cat\/ins-dolors-aleu-barcelona\/general\/3r-deso-descobreix-lagricultura-ecologica-a-lortiga\/\" title=\"Read 3r d&#8217;ESO descobreix l&#8217;agricultura ecol\u00f2gica a l&#8217;Ortiga\">Llegeix m\u00e9s\u00bb<\/a><\/p>\n","protected":false},"author":1,"featured_media":15627,"comment_status":"open","ping_status":"open","sticky":false,"template":"","format":"standard","meta":{"_bbp_topic_count":0,"_bbp_reply_count":0,"_bbp_total_topic_count":0,"_bbp_total_reply_count":0,"_bbp_voice_count":0,"_bbp_anonymous_reply_count":0,"_bbp_topic_count_hidden":0,"_bbp_reply_count_hidden":0,"_bbp_forum_subforum_count":0,"footnotes":""},"categories":[324,307,1,29],"tags":[308,693,690,131,213,455,287,206,155],"class_list":["post-15620","post","type-post","status-publish","format-standard","has-post-thumbnail","hentry","category-articles","category-eso","category-general","category-portada","tag-3r-eso","tag-activitat","tag-activitats","tag-eso","tag-hort","tag-institut","tag-sortida","tag-sostenibilitat","tag-valors"],"post_mailing_queue_ids":[],"_links":{"self":[{"href":"https:\/\/agora.xtec.cat\/ins-dolors-aleu-barcelona\/wp-json\/wp\/v2\/posts\/15620","targetHints":{"allow":["GET"]}}],"collection":[{"href":"https:\/\/agora.xtec.cat\/ins-dolors-aleu-barcelona\/wp-json\/wp\/v2\/posts"}],"about":[{"href":"https:\/\/agora.xtec.cat\/ins-dolors-aleu-barcelona\/wp-json\/wp\/v2\/types\/post"}],"author":[{"embeddable":true,"href":"https:\/\/agora.xtec.cat\/ins-dolors-aleu-barcelona\/wp-json\/wp\/v2\/users\/1"}],"replies":[{"embeddable":true,"href":"https:\/\/agora.xtec.cat\/ins-dolors-aleu-barcelona\/wp-json\/wp\/v2\/comments?post=15620"}],"version-history":[{"count":3,"href":"https:\/\/agora.xtec.cat\/ins-dolors-aleu-barcelona\/wp-json\/wp\/v2\/posts\/15620\/revisions"}],"predecessor-version":[{"id":15628,"href":"https:\/\/agora.xtec.cat\/ins-dolors-aleu-barcelona\/wp-json\/wp\/v2\/posts\/15620\/revisions\/15628"}],"wp:featuredmedia":[{"embeddable":true,"href":"https:\/\/agora.xtec.cat\/ins-dolors-aleu-barcelona\/wp-json\/wp\/v2\/media\/15627"}],"wp:attachment":[{"href":"https:\/\/agora.xtec.cat\/ins-dolors-aleu-barcelona\/wp-json\/wp\/v2\/media?parent=15620"}],"wp:term":[{"taxonomy":"category","embeddable":true,"href":"https:\/\/agora.xtec.cat\/ins-dolors-aleu-barcelona\/wp-json\/wp\/v2\/categories?post=15620"},{"taxonomy":"post_tag","embeddable":true,"href":"https:\/\/agora.xtec.cat\/ins-dolors-aleu-barcelona\/wp-json\/wp\/v2\/tags?post=15620"}],"curies":[{"name":"wp","href":"https:\/\/api.w.org\/{rel}","templated":true}]}}