{"id":2748,"date":"2024-02-18T17:07:04","date_gmt":"2024-02-18T16:07:04","guid":{"rendered":"https:\/\/agora.xtec.cat\/ilb\/?p=2748"},"modified":"2024-02-18T17:07:04","modified_gmt":"2024-02-18T16:07:04","slug":"a-further-step-towards-the-internationalisation-of-our-students","status":"publish","type":"post","link":"https:\/\/agora.xtec.cat\/ilb\/general\/a-further-step-towards-the-internationalisation-of-our-students\/","title":{"rendered":"A further step towards the internationalisation of our students"},"content":{"rendered":"<p><span data-sheets-root=\"1\" data-sheets-value=\"{&quot;1&quot;:2,&quot;2&quot;:&quot;Once again this year, we are delighted to welcome International Trade students from the Lyc\u00e9e La Providence in Saint Malo. \\nIsidora has chosen a short stay (three weeks), while Rafa\u00eblle will be studying with us until the end of April, before leaving for a work placement in Barcelona.\\n\\nLa seva pres\u00e8ncia ens suposa un repte tant a nivell de la comunicaci\u00f3 com de l\u2019adaptaci\u00f3 necess\u00e0ria per incloure diferents perspectives als m\u00f2duls. \u00c9s una manera molt concreta de desenvolupar habilitats com la intercomprensi\u00f3 intercultural i el treball col\u00b7laboratiu amb companyes estrangeres. Ens mant\u00e9 desperts davant qualsevol obstacle, amb la voluntat compartida per docents i alumnat de trobar solucions satisfact\u00f2ries per aprendre al m\u00e0xim. \\n\\nNotre collaboration avec cet \u00e9tablissement de Saint Malo ne s\u2019arr\u00eate pas l\u00e0 puisque mercredi 14 f\u00e9vrier, nous avons mis en place une activit\u00e9 de N\u00e9gociation Internationale \u00e0 distance avec des \u00e9tudiants de deuxi\u00e8me ann\u00e9e. En fonction d\u2019un authentique \u201cCahier des charges\u201d, les \u00e9l\u00e8ves de l\u2019ILB ont jou\u00e9 le r\u00f4le d\u2019acheteurs potentiels face aux \u00e9l\u00e8ves malouins lors de visioconf\u00e9rences en bin\u00f4me.\\n\\nDes exp\u00e9riences \u00e0 reproduire sans aucun doute, tant elles sont enrichissantes aussi bien sur le plan humain que professionnel !&quot;}\" data-sheets-userformat=\"{&quot;2&quot;:513,&quot;3&quot;:{&quot;1&quot;:0},&quot;12&quot;:0}\">Once again this year, we are delighted to welcome International Trade students from the <a href=\"https:\/\/www.ism-lapro.fr\" target=\"_blank\" rel=\"noopener\">Lyc\u00e9e La Providence in Saint Malo<\/a>.<br \/>\nIsidora has chosen a short stay (three weeks), while Rafa\u00eblle will be studying with us until the end of April, before leaving for a work placement in Barcelona.<br \/>\n<\/span><\/p>\n<p><span data-sheets-root=\"1\" data-sheets-value=\"{&quot;1&quot;:2,&quot;2&quot;:&quot;Once again this year, we are delighted to welcome International Trade students from the Lyc\u00e9e La Providence in Saint Malo. \\nIsidora has chosen a short stay (three weeks), while Rafa\u00eblle will be studying with us until the end of April, before leaving for a work placement in Barcelona.\\n\\nLa seva pres\u00e8ncia ens suposa un repte tant a nivell de la comunicaci\u00f3 com de l\u2019adaptaci\u00f3 necess\u00e0ria per incloure diferents perspectives als m\u00f2duls. \u00c9s una manera molt concreta de desenvolupar habilitats com la intercomprensi\u00f3 intercultural i el treball col\u00b7laboratiu amb companyes estrangeres. Ens mant\u00e9 desperts davant qualsevol obstacle, amb la voluntat compartida per docents i alumnat de trobar solucions satisfact\u00f2ries per aprendre al m\u00e0xim. \\n\\nNotre collaboration avec cet \u00e9tablissement de Saint Malo ne s\u2019arr\u00eate pas l\u00e0 puisque mercredi 14 f\u00e9vrier, nous avons mis en place une activit\u00e9 de N\u00e9gociation Internationale \u00e0 distance avec des \u00e9tudiants de deuxi\u00e8me ann\u00e9e. En fonction d\u2019un authentique \u201cCahier des charges\u201d, les \u00e9l\u00e8ves de l\u2019ILB ont jou\u00e9 le r\u00f4le d\u2019acheteurs potentiels face aux \u00e9l\u00e8ves malouins lors de visioconf\u00e9rences en bin\u00f4me.\\n\\nDes exp\u00e9riences \u00e0 reproduire sans aucun doute, tant elles sont enrichissantes aussi bien sur le plan humain que professionnel !&quot;}\" data-sheets-userformat=\"{&quot;2&quot;:513,&quot;3&quot;:{&quot;1&quot;:0},&quot;12&quot;:0}\"><a href=\"https:\/\/agora.xtec.cat\/ilb\/wp-content\/uploads\/usu2296\/2024\/02\/IMG_3817.jpg\"><img loading=\"lazy\" decoding=\"async\" class=\"aligncenter size-large wp-image-2749\" src=\"https:\/\/agora.xtec.cat\/ilb\/wp-content\/uploads\/usu2296\/2024\/02\/IMG_3817-1024x768.jpg\" alt=\"\" width=\"1024\" height=\"768\" srcset=\"https:\/\/agora.xtec.cat\/ilb\/wp-content\/uploads\/usu2296\/2024\/02\/IMG_3817-1024x768.jpg 1024w, https:\/\/agora.xtec.cat\/ilb\/wp-content\/uploads\/usu2296\/2024\/02\/IMG_3817-300x225.jpg 300w, https:\/\/agora.xtec.cat\/ilb\/wp-content\/uploads\/usu2296\/2024\/02\/IMG_3817-768x576.jpg 768w, https:\/\/agora.xtec.cat\/ilb\/wp-content\/uploads\/usu2296\/2024\/02\/IMG_3817-200x150.jpg 200w, https:\/\/agora.xtec.cat\/ilb\/wp-content\/uploads\/usu2296\/2024\/02\/IMG_3817.jpg 1280w\" sizes=\"auto, (max-width: 1024px) 100vw, 1024px\" \/><\/a><br \/>\nLa seva pres\u00e8ncia ens suposa un repte tant a nivell de la comunicaci\u00f3 com de l\u2019adaptaci\u00f3 necess\u00e0ria per incloure diferents perspectives als m\u00f2duls. \u00c9s una manera molt concreta de desenvolupar habilitats com la intercomprensi\u00f3 intercultural i el treball col\u00b7laboratiu amb companyes estrangeres. Ens mant\u00e9 desperts davant qualsevol obstacle, amb la voluntat compartida per docents i alumnat de trobar solucions satisfact\u00f2ries per aprendre al m\u00e0xim.<\/p>\n<p>Notre collaboration avec cet \u00e9tablissement de Saint Malo ne s\u2019arr\u00eate pas l\u00e0 puisque mercredi 14 f\u00e9vrier, nous avons mis en place une activit\u00e9 de N\u00e9gociation Internationale \u00e0 distance avec des \u00e9tudiants de deuxi\u00e8me ann\u00e9e. En fonction d\u2019un authentique \u201cCahier des charges\u201d, les \u00e9l\u00e8ves de l\u2019ILB ont jou\u00e9 le r\u00f4le d\u2019acheteurs potentiels face aux \u00e9l\u00e8ves malouins lors de visioconf\u00e9rences en bin\u00f4me.<\/p>\n<p>Des exp\u00e9riences \u00e0 reproduire sans aucun doute, tant elles sont enrichissantes aussi bien sur le plan humain que professionnel !<\/span><\/p>\n<p><a href=\"https:\/\/agora.xtec.cat\/ilb\/wp-content\/uploads\/usu2296\/2024\/02\/IMG_20240214_151334.jpg\"><img loading=\"lazy\" decoding=\"async\" class=\"aligncenter size-large wp-image-2750\" src=\"https:\/\/agora.xtec.cat\/ilb\/wp-content\/uploads\/usu2296\/2024\/02\/IMG_20240214_151334-768x1024.jpg\" alt=\"\" width=\"768\" height=\"1024\" srcset=\"https:\/\/agora.xtec.cat\/ilb\/wp-content\/uploads\/usu2296\/2024\/02\/IMG_20240214_151334-768x1024.jpg 768w, https:\/\/agora.xtec.cat\/ilb\/wp-content\/uploads\/usu2296\/2024\/02\/IMG_20240214_151334-225x300.jpg 225w, https:\/\/agora.xtec.cat\/ilb\/wp-content\/uploads\/usu2296\/2024\/02\/IMG_20240214_151334.jpg 960w\" sizes=\"auto, (max-width: 768px) 100vw, 768px\" \/><\/a> <a href=\"https:\/\/agora.xtec.cat\/ilb\/wp-content\/uploads\/usu2296\/2024\/02\/IMG_20240214_151359.jpg\"><img loading=\"lazy\" decoding=\"async\" class=\"aligncenter size-large wp-image-2751\" src=\"https:\/\/agora.xtec.cat\/ilb\/wp-content\/uploads\/usu2296\/2024\/02\/IMG_20240214_151359-768x1024.jpg\" alt=\"\" width=\"768\" height=\"1024\" srcset=\"https:\/\/agora.xtec.cat\/ilb\/wp-content\/uploads\/usu2296\/2024\/02\/IMG_20240214_151359-768x1024.jpg 768w, https:\/\/agora.xtec.cat\/ilb\/wp-content\/uploads\/usu2296\/2024\/02\/IMG_20240214_151359-225x300.jpg 225w, https:\/\/agora.xtec.cat\/ilb\/wp-content\/uploads\/usu2296\/2024\/02\/IMG_20240214_151359.jpg 960w\" sizes=\"auto, (max-width: 768px) 100vw, 768px\" \/><\/a> <a href=\"https:\/\/agora.xtec.cat\/ilb\/wp-content\/uploads\/usu2296\/2024\/02\/IMG_20240214_154152.jpg\"><img loading=\"lazy\" decoding=\"async\" class=\"aligncenter size-large wp-image-2752\" src=\"https:\/\/agora.xtec.cat\/ilb\/wp-content\/uploads\/usu2296\/2024\/02\/IMG_20240214_154152-768x1024.jpg\" alt=\"\" width=\"768\" height=\"1024\" srcset=\"https:\/\/agora.xtec.cat\/ilb\/wp-content\/uploads\/usu2296\/2024\/02\/IMG_20240214_154152-768x1024.jpg 768w, https:\/\/agora.xtec.cat\/ilb\/wp-content\/uploads\/usu2296\/2024\/02\/IMG_20240214_154152-225x300.jpg 225w, https:\/\/agora.xtec.cat\/ilb\/wp-content\/uploads\/usu2296\/2024\/02\/IMG_20240214_154152.jpg 960w\" sizes=\"auto, (max-width: 768px) 100vw, 768px\" \/><\/a><\/p>\n<p style=\"text-align: right;\"><span style=\"color: #0000ff;\"><strong>Rumb al teu futur<\/strong><\/span><\/p>\n<p style=\"text-align: right;\"><em><span style=\"color: #0000ff;\"><strong>ILB \u2013 connected to change<\/strong><\/span><\/em><\/p>\n","protected":false},"excerpt":{"rendered":"<p>Once again this year, we are delighted to welcome International Trade students from the <a href=\"https:\/\/www.ism-lapro.fr\" target=\"_blank\" rel=\"noopener\">Lyc\u00e9e La Providence in Saint Malo<\/a>.<br \/>\nIsidora has chosen a short stay (three weeks), while Rafa\u00eblle will be studying with us until the end of April, before leaving for&hellip;  <a href=\"https:\/\/agora.xtec.cat\/ilb\/general\/a-further-step-towards-the-internationalisation-of-our-students\/\" title=\"Read A further step towards the internationalisation of our students\">Llegeix m\u00e9s\u00bb<\/a><\/p>\n","protected":false},"author":1,"featured_media":0,"comment_status":"open","ping_status":"closed","sticky":false,"template":"","format":"standard","meta":{"_bbp_topic_count":0,"_bbp_reply_count":0,"_bbp_total_topic_count":0,"_bbp_total_reply_count":0,"_bbp_voice_count":0,"_bbp_anonymous_reply_count":0,"_bbp_topic_count_hidden":0,"_bbp_reply_count_hidden":0,"_bbp_forum_subforum_count":0,"footnotes":""},"categories":[4,3,1,11,135,29],"tags":[],"class_list":["post-2748","post","type-post","status-publish","format-standard","hentry","category-cfgs-ci","category-cfgs","category-general","category-gs-til","category-international","category-portada"],"post_mailing_queue_ids":[],"_links":{"self":[{"href":"https:\/\/agora.xtec.cat\/ilb\/wp-json\/wp\/v2\/posts\/2748","targetHints":{"allow":["GET"]}}],"collection":[{"href":"https:\/\/agora.xtec.cat\/ilb\/wp-json\/wp\/v2\/posts"}],"about":[{"href":"https:\/\/agora.xtec.cat\/ilb\/wp-json\/wp\/v2\/types\/post"}],"author":[{"embeddable":true,"href":"https:\/\/agora.xtec.cat\/ilb\/wp-json\/wp\/v2\/users\/1"}],"replies":[{"embeddable":true,"href":"https:\/\/agora.xtec.cat\/ilb\/wp-json\/wp\/v2\/comments?post=2748"}],"version-history":[{"count":1,"href":"https:\/\/agora.xtec.cat\/ilb\/wp-json\/wp\/v2\/posts\/2748\/revisions"}],"predecessor-version":[{"id":2753,"href":"https:\/\/agora.xtec.cat\/ilb\/wp-json\/wp\/v2\/posts\/2748\/revisions\/2753"}],"wp:attachment":[{"href":"https:\/\/agora.xtec.cat\/ilb\/wp-json\/wp\/v2\/media?parent=2748"}],"wp:term":[{"taxonomy":"category","embeddable":true,"href":"https:\/\/agora.xtec.cat\/ilb\/wp-json\/wp\/v2\/categories?post=2748"},{"taxonomy":"post_tag","embeddable":true,"href":"https:\/\/agora.xtec.cat\/ilb\/wp-json\/wp\/v2\/tags?post=2748"}],"curies":[{"name":"wp","href":"https:\/\/api.w.org\/{rel}","templated":true}]}}