{"id":2704,"date":"2024-02-04T13:24:57","date_gmt":"2024-02-04T12:24:57","guid":{"rendered":"https:\/\/agora.xtec.cat\/ilb\/?p=2704"},"modified":"2024-02-04T13:27:27","modified_gmt":"2024-02-04T12:27:27","slug":"trobada-xarxa-futura-fp-comerc-i-marqueting-a-lilb","status":"publish","type":"post","link":"https:\/\/agora.xtec.cat\/ilb\/general\/trobada-xarxa-futura-fp-comerc-i-marqueting-a-lilb\/","title":{"rendered":"Trobada xarxa Futura FP comer\u00e7 i m\u00e0rqueting a l&#8217;ILB"},"content":{"rendered":"<p>El dijous 1 de febrer de 2024, la xarxa <a href=\"https:\/\/projectes.xtec.cat\/impulsfp\/futurafp\/\" target=\"_blank\" rel=\"noopener\">Futura FP<\/a> de la fam\u00edlia de comer\u00e7 i m\u00e0rqueting, va fer una trobada a l&#8217;aula Le Havre del nostre centre. La trobada ha estat impulsada per la Sra. M. Elena L\u00f3pez Ferrer, responsable <a href=\"https:\/\/projectes.xtec.cat\/impulsfp\/futurafp\/\" target=\"_blank\" rel=\"noopener\">Futura FP<\/a> Fami\u00edlia Professional de Comer\u00e7 i M\u00e0rqueting de la Direcci\u00f3 General de Formaci\u00f3 Professional del <a href=\"https:\/\/educacio.gencat.cat\/ca\/inici\/\" target=\"_blank\" rel=\"noopener\">Departament d&#8217;Educaci\u00f3<\/a>.<\/p>\n<p>Durant la jornada el nostre director el Sr. Jos\u00e9 Antonio V\u00e1zquez, va presentar una an\u00e0lisi de les necessitats formatives en el sector log\u00edstic, com a punt de partida pel debat entre els participants. Posteriorment es va fer una visita guiada per les instal\u00b7lacions del nostre centre i la jornada va continuar amb la preparaci\u00f3 d&#8217;activitats relacionades amb <a href=\"https:\/\/projectes.xtec.cat\/catskills\/\" target=\"_blank\" rel=\"noopener\">Catskills<\/a>.<\/p>\n<p>Un plaer rebre a les nostres instal\u00b7lacions aquest conjunt de professorat que ens permet desenvolupar el treball en xarxa entre centres educatius.<\/p>\n<p><a href=\"https:\/\/agora.xtec.cat\/ilb\/wp-content\/uploads\/usu2296\/2024\/02\/IMG_3831.heic\"><img decoding=\"async\" class=\"aligncenter size-full wp-image-2705\" src=\"https:\/\/agora.xtec.cat\/ilb\/wp-content\/uploads\/usu2296\/2024\/02\/IMG_3831.heic\" alt=\"\" \/><\/a> <a href=\"https:\/\/agora.xtec.cat\/ilb\/wp-content\/uploads\/usu2296\/2024\/02\/IMG_3827.heic\"><img loading=\"lazy\" decoding=\"async\" class=\"aligncenter size-large wp-image-2706\" src=\"https:\/\/agora.xtec.cat\/ilb\/wp-content\/uploads\/usu2296\/2024\/02\/IMG_3827.heic\" alt=\"\" width=\"1\" height=\"1\" \/><\/a><\/p>\n<p style=\"text-align: right;\"><span style=\"color: #0000ff;\"><strong>Rumb al teu futur<\/strong><\/span><\/p>\n<p style=\"text-align: right;\"><em><span style=\"color: #0000ff;\"><strong>ILB \u2013 connected to change<\/strong><\/span><\/em><\/p>\n","protected":false},"excerpt":{"rendered":"<p>El dijous 1 de febrer de 2024, la xarxa <a href=\"https:\/\/projectes.xtec.cat\/impulsfp\/futurafp\/\" target=\"_blank\" rel=\"noopener\">Futura FP<\/a> de la fam\u00edlia de comer\u00e7 i m\u00e0rqueting, va fer una trobada a l&#8217;aula Le Havre del nostre centre. La trobada ha estat impulsada per la Sra. M. Elena L\u00f3pez Ferrer, responsable&hellip;  <a href=\"https:\/\/agora.xtec.cat\/ilb\/general\/trobada-xarxa-futura-fp-comerc-i-marqueting-a-lilb\/\" title=\"Read Trobada xarxa Futura FP comer\u00e7 i m\u00e0rqueting a l&#8217;ILB\">Llegeix m\u00e9s\u00bb<\/a><\/p>\n","protected":false},"author":1,"featured_media":0,"comment_status":"open","ping_status":"closed","sticky":false,"template":"","format":"standard","meta":{"_bbp_topic_count":0,"_bbp_reply_count":0,"_bbp_total_topic_count":0,"_bbp_total_reply_count":0,"_bbp_voice_count":0,"_bbp_anonymous_reply_count":0,"_bbp_topic_count_hidden":0,"_bbp_reply_count_hidden":0,"_bbp_forum_subforum_count":0,"footnotes":""},"categories":[1,29],"tags":[],"class_list":["post-2704","post","type-post","status-publish","format-standard","hentry","category-general","category-portada"],"post_mailing_queue_ids":[],"_links":{"self":[{"href":"https:\/\/agora.xtec.cat\/ilb\/wp-json\/wp\/v2\/posts\/2704","targetHints":{"allow":["GET"]}}],"collection":[{"href":"https:\/\/agora.xtec.cat\/ilb\/wp-json\/wp\/v2\/posts"}],"about":[{"href":"https:\/\/agora.xtec.cat\/ilb\/wp-json\/wp\/v2\/types\/post"}],"author":[{"embeddable":true,"href":"https:\/\/agora.xtec.cat\/ilb\/wp-json\/wp\/v2\/users\/1"}],"replies":[{"embeddable":true,"href":"https:\/\/agora.xtec.cat\/ilb\/wp-json\/wp\/v2\/comments?post=2704"}],"version-history":[{"count":3,"href":"https:\/\/agora.xtec.cat\/ilb\/wp-json\/wp\/v2\/posts\/2704\/revisions"}],"predecessor-version":[{"id":2709,"href":"https:\/\/agora.xtec.cat\/ilb\/wp-json\/wp\/v2\/posts\/2704\/revisions\/2709"}],"wp:attachment":[{"href":"https:\/\/agora.xtec.cat\/ilb\/wp-json\/wp\/v2\/media?parent=2704"}],"wp:term":[{"taxonomy":"category","embeddable":true,"href":"https:\/\/agora.xtec.cat\/ilb\/wp-json\/wp\/v2\/categories?post=2704"},{"taxonomy":"post_tag","embeddable":true,"href":"https:\/\/agora.xtec.cat\/ilb\/wp-json\/wp\/v2\/tags?post=2704"}],"curies":[{"name":"wp","href":"https:\/\/api.w.org\/{rel}","templated":true}]}}