{"id":2593,"date":"2023-12-13T10:33:51","date_gmt":"2023-12-13T09:33:51","guid":{"rendered":"https:\/\/agora.xtec.cat\/ilb\/?p=2593"},"modified":"2023-12-13T10:33:51","modified_gmt":"2023-12-13T09:33:51","slug":"visita-sena-servicio-nacional-de-aprendizaje-colombia","status":"publish","type":"post","link":"https:\/\/agora.xtec.cat\/ilb\/general\/visita-sena-servicio-nacional-de-aprendizaje-colombia\/","title":{"rendered":"Visita SENA: Servicio Nacional de Aprendizaje Colombia"},"content":{"rendered":"<p><span data-sheets-root=\"1\" data-sheets-value=\"{&quot;1&quot;:2,&quot;2&quot;:&quot;El 12 de desembre hem rebut la visita del SENA: Servicio Nacional de Aprendizaje, repreentados por el Sr. Andr\u00e9s Triana i la Sra. Karen Vega, de la mano de ICIL. Durant la visita hem tingut l'oportunitat de compartir experi\u00e8ncies i explorar vies de col\u00b7laboraci\u00f3 i cooperaci\u00f3 internacional en l'\u00e0mbit de la formaci\u00f3 professional i per l'ocupaci\u00f3.&quot;}\" data-sheets-userformat=\"{&quot;2&quot;:513,&quot;3&quot;:{&quot;1&quot;:0},&quot;12&quot;:0}\">El 12 de desembre hem rebut la visita del <a href=\"https:\/\/www.sena.edu.co\/es-co\/Paginas\/default.aspx\" target=\"_blank\" rel=\"noopener\">SENA: Servicio Nacional de Aprendizaje<\/a> de Col\u00f2mbia, representats pel Sr. Andr\u00e9s Triana i la Sra. Karen Vega, acompanyats per <a href=\"https:\/\/icil.org\/\" target=\"_blank\" rel=\"noopener\">ICIL<\/a>. Durant la visita hem tingut l&#8217;oportunitat de compartir experi\u00e8ncies i explorar vies de col\u00b7laboraci\u00f3 i cooperaci\u00f3 internacional en l&#8217;\u00e0mbit de la formaci\u00f3 professional i per l&#8217;ocupaci\u00f3.<\/span><\/p>\n<p><a href=\"https:\/\/agora.xtec.cat\/ilb\/wp-content\/uploads\/usu2296\/2023\/12\/SENA.jpg\"><img loading=\"lazy\" decoding=\"async\" class=\"aligncenter size-full wp-image-2594\" src=\"https:\/\/agora.xtec.cat\/ilb\/wp-content\/uploads\/usu2296\/2023\/12\/SENA.jpg\" alt=\"\" width=\"560\" height=\"550\" srcset=\"https:\/\/agora.xtec.cat\/ilb\/wp-content\/uploads\/usu2296\/2023\/12\/SENA.jpg 560w, https:\/\/agora.xtec.cat\/ilb\/wp-content\/uploads\/usu2296\/2023\/12\/SENA-300x295.jpg 300w\" sizes=\"auto, (max-width: 560px) 100vw, 560px\" \/><\/a><\/p>\n<p>&nbsp;<\/p>\n<p style=\"text-align: right;\"><span style=\"color: #0000ff;\"><strong>Rumb al teu futur<\/strong><\/span><\/p>\n<p style=\"text-align: right;\"><em><span style=\"color: #0000ff;\"><strong>ILB \u2013 connected to change<\/strong><\/span><\/em><\/p>\n","protected":false},"excerpt":{"rendered":"<p>El 12 de desembre hem rebut la visita del <a href=\"https:\/\/www.sena.edu.co\/es-co\/Paginas\/default.aspx\" target=\"_blank\" rel=\"noopener\">SENA: Servicio Nacional de Aprendizaje<\/a> de Col\u00f2mbia, representats pel Sr. Andr\u00e9s Triana i la Sra. Karen Vega, acompanyats per <a href=\"https:\/\/icil.org\/\" target=\"_blank\" rel=\"noopener\">ICIL<\/a>. Durant la visita hem tingut l&#8217;oportunitat de compartir experi\u00e8ncies i&hellip;  <a href=\"https:\/\/agora.xtec.cat\/ilb\/general\/visita-sena-servicio-nacional-de-aprendizaje-colombia\/\" title=\"Read Visita SENA: Servicio Nacional de Aprendizaje Colombia\">Llegeix m\u00e9s\u00bb<\/a><\/p>\n","protected":false},"author":1,"featured_media":0,"comment_status":"open","ping_status":"closed","sticky":false,"template":"","format":"standard","meta":{"_bbp_topic_count":0,"_bbp_reply_count":0,"_bbp_total_topic_count":0,"_bbp_total_reply_count":0,"_bbp_voice_count":0,"_bbp_anonymous_reply_count":0,"_bbp_topic_count_hidden":0,"_bbp_reply_count_hidden":0,"_bbp_forum_subforum_count":0,"footnotes":""},"categories":[1,135,29],"tags":[],"class_list":["post-2593","post","type-post","status-publish","format-standard","hentry","category-general","category-international","category-portada"],"post_mailing_queue_ids":[],"_links":{"self":[{"href":"https:\/\/agora.xtec.cat\/ilb\/wp-json\/wp\/v2\/posts\/2593","targetHints":{"allow":["GET"]}}],"collection":[{"href":"https:\/\/agora.xtec.cat\/ilb\/wp-json\/wp\/v2\/posts"}],"about":[{"href":"https:\/\/agora.xtec.cat\/ilb\/wp-json\/wp\/v2\/types\/post"}],"author":[{"embeddable":true,"href":"https:\/\/agora.xtec.cat\/ilb\/wp-json\/wp\/v2\/users\/1"}],"replies":[{"embeddable":true,"href":"https:\/\/agora.xtec.cat\/ilb\/wp-json\/wp\/v2\/comments?post=2593"}],"version-history":[{"count":1,"href":"https:\/\/agora.xtec.cat\/ilb\/wp-json\/wp\/v2\/posts\/2593\/revisions"}],"predecessor-version":[{"id":2595,"href":"https:\/\/agora.xtec.cat\/ilb\/wp-json\/wp\/v2\/posts\/2593\/revisions\/2595"}],"wp:attachment":[{"href":"https:\/\/agora.xtec.cat\/ilb\/wp-json\/wp\/v2\/media?parent=2593"}],"wp:term":[{"taxonomy":"category","embeddable":true,"href":"https:\/\/agora.xtec.cat\/ilb\/wp-json\/wp\/v2\/categories?post=2593"},{"taxonomy":"post_tag","embeddable":true,"href":"https:\/\/agora.xtec.cat\/ilb\/wp-json\/wp\/v2\/tags?post=2593"}],"curies":[{"name":"wp","href":"https:\/\/api.w.org\/{rel}","templated":true}]}}