{"id":2436,"date":"2023-10-12T19:14:02","date_gmt":"2023-10-12T17:14:02","guid":{"rendered":"https:\/\/agora.xtec.cat\/ilb\/?p=2436"},"modified":"2023-10-12T19:14:02","modified_gmt":"2023-10-12T17:14:02","slug":"conferencia-prospectiva-2023-2026-sistema-fpcat","status":"publish","type":"post","link":"https:\/\/agora.xtec.cat\/ilb\/general\/conferencia-prospectiva-2023-2026-sistema-fpcat\/","title":{"rendered":"Confer\u00e8ncia prospectiva 2023-2026 sistema FPCAT"},"content":{"rendered":"<p><span style=\"font-weight: 400;\">Divendres 6 de setembre va tenir lloc a la sala \u00c0gora de WTC la Confer\u00e8ncia prospectiva 2023-2026 del <a href=\"https:\/\/fp.gencat.cat\/ca\/inici\" target=\"_blank\" rel=\"noopener\">sistema FPCat<\/a>, durant la segona part es van reunir els diferents consells sectorials a l&#8217;aulari de l&#8217;Institut de Log\u00edstica de Barcelona, per con\u00e8ixer el contingut de la confer\u00e8ncia es pot seguir la cobertura de TV3, hi va participar un dels nostres alumnes de Transport i Log\u00edstica, Joaqu\u00edn Balista de 2n TIL i la seva tutora d&#8217;empresa Silvia Pueyo (<a href=\"https:\/\/www.gl-uniexco.com\/\" target=\"_blank\" rel=\"noopener\">Globelink Uniexco<\/a>).<\/span><\/p>\n<ol>\n<li style=\"font-weight: 400;\" aria-level=\"1\"><a href=\"https:\/\/www.ccma.cat\/324\/mes-especialitzada-i-lligada-al-teixit-productiu-aixi-sera-el-futur-de-lfp\/noticia\/3253726\/\"><span style=\"font-weight: 400;\">M\u00e9s especialitzada i lligada al teixit productiu: aix\u00ed ser\u00e0 el futur de l&#8217;FP<\/span><\/a><\/li>\n<li style=\"font-weight: 400;\" aria-level=\"1\"><a href=\"https:\/\/www.ccma.cat\/tv3\/alacarta\/telenoticies\/telenoticies-migdia-06102023\/video\/6243731\/\"><span style=\"font-weight: 400;\">Cobertura al telenot\u00edcies migdia, a partir del minut 19<\/span><\/a><span style=\"font-weight: 400;\">.<\/span><\/li>\n<\/ol>\n<p><span style=\"font-weight: 400;\">El nostre centre coordina el consell sectorial de Serveis a les Empreses, que incorpora a les fam\u00edlies professionals d&#8217;administraci\u00f3 i gesti\u00f3 i comer\u00e7 i m\u00e0rqueting.<\/span><\/p>\n<p><a href=\"https:\/\/agora.xtec.cat\/ilb\/wp-content\/uploads\/usu2296\/2023\/10\/Conferencia2.png\"><img loading=\"lazy\" decoding=\"async\" class=\"aligncenter size-full wp-image-2438\" src=\"https:\/\/agora.xtec.cat\/ilb\/wp-content\/uploads\/usu2296\/2023\/10\/Conferencia2.png\" alt=\"\" width=\"805\" height=\"476\" srcset=\"https:\/\/agora.xtec.cat\/ilb\/wp-content\/uploads\/usu2296\/2023\/10\/Conferencia2.png 805w, https:\/\/agora.xtec.cat\/ilb\/wp-content\/uploads\/usu2296\/2023\/10\/Conferencia2-300x177.png 300w, https:\/\/agora.xtec.cat\/ilb\/wp-content\/uploads\/usu2296\/2023\/10\/Conferencia2-768x454.png 768w\" sizes=\"auto, (max-width: 805px) 100vw, 805px\" \/><\/a><a href=\"https:\/\/agora.xtec.cat\/ilb\/wp-content\/uploads\/usu2296\/2023\/10\/Conferencia1.png\"><img loading=\"lazy\" decoding=\"async\" class=\"aligncenter size-full wp-image-2437\" src=\"https:\/\/agora.xtec.cat\/ilb\/wp-content\/uploads\/usu2296\/2023\/10\/Conferencia1.png\" alt=\"\" width=\"830\" height=\"574\" srcset=\"https:\/\/agora.xtec.cat\/ilb\/wp-content\/uploads\/usu2296\/2023\/10\/Conferencia1.png 830w, https:\/\/agora.xtec.cat\/ilb\/wp-content\/uploads\/usu2296\/2023\/10\/Conferencia1-300x207.png 300w, https:\/\/agora.xtec.cat\/ilb\/wp-content\/uploads\/usu2296\/2023\/10\/Conferencia1-768x531.png 768w\" sizes=\"auto, (max-width: 830px) 100vw, 830px\" \/><\/a><\/p>\n<p style=\"text-align: right;\"><span style=\"color: #0000ff;\"><strong>Rumb al teu futur<\/strong><\/span><\/p>\n<p style=\"text-align: right;\"><em><span style=\"color: #0000ff;\"><strong>ILB \u2013 connected to change<\/strong><\/span><\/em><\/p>\n","protected":false},"excerpt":{"rendered":"<p>Divendres 6 de setembre va tenir lloc a la sala \u00c0gora de WTC la Confer\u00e8ncia prospectiva 2023-2026 del <a href=\"https:\/\/fp.gencat.cat\/ca\/inici\" target=\"_blank\" rel=\"noopener\">sistema FPCat<\/a>, durant la segona part es van reunir els diferents consells sectorials a l&#8217;aulari de l&#8217;Institut de Log\u00edstica de Barcelona, per con\u00e8ixer el&hellip;  <a href=\"https:\/\/agora.xtec.cat\/ilb\/general\/conferencia-prospectiva-2023-2026-sistema-fpcat\/\" title=\"Read Confer\u00e8ncia prospectiva 2023-2026 sistema FPCAT\">Llegeix m\u00e9s\u00bb<\/a><\/p>\n","protected":false},"author":1,"featured_media":0,"comment_status":"open","ping_status":"closed","sticky":false,"template":"","format":"standard","meta":{"_bbp_topic_count":0,"_bbp_reply_count":0,"_bbp_total_topic_count":0,"_bbp_total_reply_count":0,"_bbp_voice_count":0,"_bbp_anonymous_reply_count":0,"_bbp_topic_count_hidden":0,"_bbp_reply_count_hidden":0,"_bbp_forum_subforum_count":0,"footnotes":""},"categories":[7,6,140,16,4,8,3,1,9,11,135,132,29,131],"tags":[],"class_list":["post-2436","post","type-post","status-publish","format-standard","hentry","category-cfgm-ac-cfgm-ac","category-cfgm-ga","category-cfgm-sistemes-microinformatics-i-xarxes","category-cfgs-asix","category-cfgs-ci","category-cfgm","category-cfgs","category-general","category-gs-adfi","category-gs-til","category-international","category-pfi-acpl","category-portada","category-pfi"],"post_mailing_queue_ids":[],"_links":{"self":[{"href":"https:\/\/agora.xtec.cat\/ilb\/wp-json\/wp\/v2\/posts\/2436","targetHints":{"allow":["GET"]}}],"collection":[{"href":"https:\/\/agora.xtec.cat\/ilb\/wp-json\/wp\/v2\/posts"}],"about":[{"href":"https:\/\/agora.xtec.cat\/ilb\/wp-json\/wp\/v2\/types\/post"}],"author":[{"embeddable":true,"href":"https:\/\/agora.xtec.cat\/ilb\/wp-json\/wp\/v2\/users\/1"}],"replies":[{"embeddable":true,"href":"https:\/\/agora.xtec.cat\/ilb\/wp-json\/wp\/v2\/comments?post=2436"}],"version-history":[{"count":1,"href":"https:\/\/agora.xtec.cat\/ilb\/wp-json\/wp\/v2\/posts\/2436\/revisions"}],"predecessor-version":[{"id":2439,"href":"https:\/\/agora.xtec.cat\/ilb\/wp-json\/wp\/v2\/posts\/2436\/revisions\/2439"}],"wp:attachment":[{"href":"https:\/\/agora.xtec.cat\/ilb\/wp-json\/wp\/v2\/media?parent=2436"}],"wp:term":[{"taxonomy":"category","embeddable":true,"href":"https:\/\/agora.xtec.cat\/ilb\/wp-json\/wp\/v2\/categories?post=2436"},{"taxonomy":"post_tag","embeddable":true,"href":"https:\/\/agora.xtec.cat\/ilb\/wp-json\/wp\/v2\/tags?post=2436"}],"curies":[{"name":"wp","href":"https:\/\/api.w.org\/{rel}","templated":true}]}}