{"id":4943,"date":"2025-10-29T13:37:49","date_gmt":"2025-10-29T12:37:49","guid":{"rendered":"https:\/\/agora.xtec.cat\/ifp-alguero\/?p=4943"},"modified":"2025-10-29T13:37:49","modified_gmt":"2025-10-29T12:37:49","slug":"claus-per-al-curs-practiques-mobilitat-i-orientacio-en-les-reunions-de-families","status":"publish","type":"post","link":"https:\/\/agora.xtec.cat\/ifp-alguero\/general\/claus-per-al-curs-practiques-mobilitat-i-orientacio-en-les-reunions-de-families\/","title":{"rendered":"Claus per al Curs: Pr\u00e0ctiques, Mobilitat i Orientaci\u00f3 en les Reunions de Fam\u00edlies"},"content":{"rendered":"<p><a href=\"https:\/\/agora.xtec.cat\/ifp-alguero\/wp-content\/uploads\/usu2575\/2025\/10\/alguero-reunio-families-curs-2025-2026.jpg\"><img loading=\"lazy\" decoding=\"async\" class=\"alignnone size-full wp-image-4946\" src=\"https:\/\/agora.xtec.cat\/ifp-alguero\/wp-content\/uploads\/usu2575\/2025\/10\/alguero-reunio-families-curs-2025-2026.jpg\" alt=\"\" width=\"1024\" height=\"540\" srcset=\"https:\/\/agora.xtec.cat\/ifp-alguero\/wp-content\/uploads\/usu2575\/2025\/10\/alguero-reunio-families-curs-2025-2026.jpg 1024w, https:\/\/agora.xtec.cat\/ifp-alguero\/wp-content\/uploads\/usu2575\/2025\/10\/alguero-reunio-families-curs-2025-2026-300x158.jpg 300w, https:\/\/agora.xtec.cat\/ifp-alguero\/wp-content\/uploads\/usu2575\/2025\/10\/alguero-reunio-families-curs-2025-2026-768x405.jpg 768w\" sizes=\"auto, (max-width: 1024px) 100vw, 1024px\" \/><\/a><\/p>\n<p>La setmana passada es van dur a terme les reunions informatives amb les fam\u00edlies, amb una doble modalitat: els cursos de primer van ser convocats presencialment, mentre que els de segon van realitzar la trobada de manera virtual.<\/p>\n<p>En ambdues sessions, es va oferir informaci\u00f3 essencial sobre el funcionament del centre, posant especial \u00e8mfasi en aspectes clau per a l&#8217;alumnat. Es van tractar temes rellevants com el proc\u00e9s de pr\u00e0ctiques en empreses, el suport del servei d&#8217;orientaci\u00f3 a l&#8217;alumnat i els detalls sobre els <a href=\"https:\/\/agora.xtec.cat\/ifp-alguero\/serveis\/international\/\">programes de mobilitat Erasmus<\/a>.<\/p>\n<p>Agra\u00efm la gran assist\u00e8ncia i la implicaci\u00f3 de totes les fam\u00edlies en el projecte educatiu del centre.<\/p>\n<p>&nbsp;<\/p>\n<h2><strong>Reunions telem\u00e0tiques d\u2019inici de curs de cicles de 2n curs<\/strong><\/h2>\n<table style=\"border-collapse: collapse; width: 100%; height: 288px;\">\n<tbody>\n<tr style=\"height: 32px;\">\n<td style=\"width: 20%; height: 32px;\"><b>CICLE<\/b><b><br \/>\n<\/b><\/td>\n<td style=\"width: 20%; height: 32px;\"><b>TUTOR\/A<\/b><\/td>\n<td style=\"width: 20%; height: 32px;\"><b>DIA<\/b><\/td>\n<td style=\"width: 20%; height: 32px;\"><b>HORA<\/b><\/td>\n<td style=\"width: 20%; height: 32px;\"><b>ENLLA\u00c7 AL MEET<\/b><\/td>\n<\/tr>\n<tr style=\"height: 32px;\">\n<td style=\"width: 20%; height: 32px;\"><b>PREIMPRESSI\u00d3 DIGITAL<\/b><\/td>\n<td style=\"width: 20%; height: 32px;\"><span style=\"font-weight: 400;\">Marc Gras<\/span><\/td>\n<td style=\"width: 20%; height: 32px;\"><span style=\"font-weight: 400;\">21\/10\/2025<\/span><\/td>\n<td style=\"width: 20%; height: 32px;\"><span style=\"font-weight: 400;\">18:30<\/span><\/td>\n<td style=\"width: 20%; height: 32px;\"><a href=\"https:\/\/meet.google.com\/wep-bbgq-rpz\">https:\/\/meet.google.com\/wep-bbgq-rpz<\/a><\/td>\n<\/tr>\n<tr style=\"height: 32px;\">\n<td style=\"width: 20%; height: 32px;\"><b>POSTIMPRESSI\u00d3<br \/>\nI ACABATS GR\u00c0FICS<\/b><\/td>\n<td style=\"width: 20%; height: 64px;\" rowspan=\"2\"><span style=\"font-weight: 400;\">Pere Marc\u00e8<br \/>\ni Mireia Ballester<\/span><\/td>\n<td style=\"width: 20%; height: 64px;\" rowspan=\"2\"><span style=\"font-weight: 400;\">21\/10\/2025<\/span><\/td>\n<td style=\"width: 20%; height: 64px;\" rowspan=\"2\"><span style=\"font-weight: 400;\">18:30<\/span><\/td>\n<td style=\"width: 20%; height: 64px;\" rowspan=\"2\"><a href=\"https:\/\/meet.google.com\/auh-voch-ohn\">https:\/\/meet.google.com\/auh-voch-ohn<\/a><\/td>\n<\/tr>\n<tr style=\"height: 32px;\">\n<td style=\"width: 20%; height: 32px;\"><b>IMPRESSI\u00d3 GR\u00c0FICA<\/b><\/td>\n<\/tr>\n<tr style=\"height: 32px;\">\n<td style=\"width: 20%; height: 32px;\"><b>ASSIST\u00c8NCIA<br \/>\nAL PRODUCTE INTERACTIU<\/b><\/td>\n<td style=\"width: 20%; height: 32px;\"><span style=\"font-weight: 400;\">Anna Garriga<\/span><\/td>\n<td style=\"width: 20%; height: 32px;\"><span style=\"font-weight: 400;\">15\/10\/2025<\/span><\/td>\n<td style=\"width: 20%; height: 32px;\"><span style=\"font-weight: 400;\">18:30<\/span><\/td>\n<td style=\"width: 20%; height: 32px;\"><a href=\"https:\/\/meet.google.com\/cqf-ywuo-zbf\">https:\/\/meet.google.com\/cqf-ywuo-zbf<\/a><\/td>\n<\/tr>\n<tr style=\"height: 32px;\">\n<td style=\"width: 20%; height: 32px;\"><b>GR\u00c0FICA PUBLICIT\u00c0RIA<\/b><\/td>\n<td style=\"width: 20%; height: 32px;\"><span style=\"font-weight: 400;\">Chechu Nieto<\/span><\/td>\n<td style=\"width: 20%; height: 32px;\"><span style=\"font-weight: 400;\">21\/10\/2025<\/span><\/td>\n<td style=\"width: 20%; height: 32px;\"><span style=\"font-weight: 400;\">18:30<\/span><\/td>\n<td style=\"width: 20%; height: 32px;\"><a href=\"https:\/\/meet.google.com\/grv-fjni-vcr\">https:\/\/meet.google.com\/grv-fjni-vcr<\/a><\/td>\n<\/tr>\n<tr style=\"height: 32px;\">\n<td style=\"width: 20%; height: 32px;\"><b>DISSENY I EDICI\u00d3<br \/>\nDE PUBLICACIONS IMPRESES<br \/>\nI MULTIM\u00c8DIA<\/b><\/td>\n<td style=\"width: 20%; height: 32px;\"><span style=\"font-weight: 400;\">Alicia Moliner<\/span><\/td>\n<td style=\"width: 20%; height: 32px;\"><span style=\"font-weight: 400;\">22\/10\/2025<\/span><\/td>\n<td style=\"width: 20%; height: 32px;\"><span style=\"font-weight: 400;\">18:30<\/span><\/td>\n<td style=\"width: 20%; height: 32px;\"><a href=\"https:\/\/meet.google.com\/oaa-waxv-qdp\">https:\/\/meet.google.com\/oaa-waxv-qdp<\/a><\/td>\n<\/tr>\n<tr style=\"height: 32px;\">\n<td style=\"width: 20%; height: 32px;\"><b>DISSENY I GESTI\u00d3<br \/>\nDE LA PRODUCCI\u00d3<\/b><\/td>\n<td style=\"width: 20%; height: 32px;\"><span style=\"font-weight: 400;\">Biel Bau\u00e7\u00e0<\/span><\/td>\n<td style=\"width: 20%; height: 32px;\"><span style=\"font-weight: 400;\">15\/10\/2025<\/span><\/td>\n<td style=\"width: 20%; height: 32px;\"><span style=\"font-weight: 400;\">18:00<\/span><\/td>\n<td style=\"width: 20%; height: 32px;\"><a href=\"https:\/\/meet.google.com\/pkb-yqji-brh\">https:\/\/meet.google.com\/pkb-yqji-brh<\/a><\/td>\n<\/tr>\n<\/tbody>\n<\/table>\n<p>&nbsp;<\/p>\n","protected":false},"excerpt":{"rendered":"<p><a href=\"https:\/\/agora.xtec.cat\/ifp-alguero\/wp-content\/uploads\/usu2575\/2025\/10\/alguero-reunio-families-curs-2025-2026.jpg\"><\/a><br \/>\nLa setmana passada es van dur a terme les reunions informatives amb les fam\u00edlies, amb una doble modalitat: els cursos de primer van ser convocats presencialment, mentre que els de segon van realitzar la trobada de manera virtual.<br \/>\nEn ambdues sessions, es va oferir informaci\u00f3&hellip;  <a href=\"https:\/\/agora.xtec.cat\/ifp-alguero\/general\/claus-per-al-curs-practiques-mobilitat-i-orientacio-en-les-reunions-de-families\/\" title=\"Read Claus per al Curs: Pr\u00e0ctiques, Mobilitat i Orientaci\u00f3 en les Reunions de Fam\u00edlies\">Llegeix m\u00e9s\u00bb<\/a><\/p>\n","protected":false},"author":13,"featured_media":4945,"comment_status":"closed","ping_status":"open","sticky":false,"template":"","format":"standard","meta":{"_bbp_topic_count":0,"_bbp_reply_count":0,"_bbp_total_topic_count":0,"_bbp_total_reply_count":0,"_bbp_voice_count":0,"_bbp_anonymous_reply_count":0,"_bbp_topic_count_hidden":0,"_bbp_reply_count_hidden":0,"_bbp_forum_subforum_count":0,"footnotes":""},"categories":[104,1,153,29],"tags":[167,168,142,170,169],"class_list":["post-4943","post","type-post","status-publish","format-standard","has-post-thumbnail","hentry","category-fct","category-general","category-mobilitat","category-portada","tag-families","tag-fct","tag-mobilitat","tag-orientacio","tag-practiques"],"post_mailing_queue_ids":[],"_links":{"self":[{"href":"https:\/\/agora.xtec.cat\/ifp-alguero\/wp-json\/wp\/v2\/posts\/4943","targetHints":{"allow":["GET"]}}],"collection":[{"href":"https:\/\/agora.xtec.cat\/ifp-alguero\/wp-json\/wp\/v2\/posts"}],"about":[{"href":"https:\/\/agora.xtec.cat\/ifp-alguero\/wp-json\/wp\/v2\/types\/post"}],"author":[{"embeddable":true,"href":"https:\/\/agora.xtec.cat\/ifp-alguero\/wp-json\/wp\/v2\/users\/13"}],"replies":[{"embeddable":true,"href":"https:\/\/agora.xtec.cat\/ifp-alguero\/wp-json\/wp\/v2\/comments?post=4943"}],"version-history":[{"count":3,"href":"https:\/\/agora.xtec.cat\/ifp-alguero\/wp-json\/wp\/v2\/posts\/4943\/revisions"}],"predecessor-version":[{"id":4948,"href":"https:\/\/agora.xtec.cat\/ifp-alguero\/wp-json\/wp\/v2\/posts\/4943\/revisions\/4948"}],"wp:featuredmedia":[{"embeddable":true,"href":"https:\/\/agora.xtec.cat\/ifp-alguero\/wp-json\/wp\/v2\/media\/4945"}],"wp:attachment":[{"href":"https:\/\/agora.xtec.cat\/ifp-alguero\/wp-json\/wp\/v2\/media?parent=4943"}],"wp:term":[{"taxonomy":"category","embeddable":true,"href":"https:\/\/agora.xtec.cat\/ifp-alguero\/wp-json\/wp\/v2\/categories?post=4943"},{"taxonomy":"post_tag","embeddable":true,"href":"https:\/\/agora.xtec.cat\/ifp-alguero\/wp-json\/wp\/v2\/tags?post=4943"}],"curies":[{"name":"wp","href":"https:\/\/api.w.org\/{rel}","templated":true}]}}