{"id":4736,"date":"2025-09-23T17:54:10","date_gmt":"2025-09-23T15:54:10","guid":{"rendered":"https:\/\/agora.xtec.cat\/ifp-alguero\/?p=4736"},"modified":"2025-09-23T17:55:33","modified_gmt":"2025-09-23T15:55:33","slug":"natalia-corredoira-professora-darts-grafiques-realitza-una-estada-jobshadowing-a-finlandia","status":"publish","type":"post","link":"https:\/\/agora.xtec.cat\/ifp-alguero\/general\/natalia-corredoira-professora-darts-grafiques-realitza-una-estada-jobshadowing-a-finlandia\/","title":{"rendered":"Nat\u00e0lia Corredoira, professora d&#8217;Arts Gr\u00e0fiques, d&#8217;estada jobshadowing a Finl\u00e0ndia"},"content":{"rendered":"<p><span style=\"font-weight: 400;\">La professora del centre, <strong>Nat\u00e0lia Corredoira<\/strong>, ha viatjat a <a href=\"https:\/\/www.visitfinland.com\/es\/\"><strong>Finl\u00e0ndia<\/strong><\/a> per realitzar un per\u00edode d\u2019observaci\u00f3 \u201c<em>jobshadowing<\/em>\u201d a <a href=\"https:\/\/www.gradia.fi\/en\"><strong>Gradia<\/strong><\/a>, un centre d\u2019<strong>arts gr\u00e0fiques<\/strong> de refer\u00e8ncia ubicat a <a href=\"https:\/\/www.visitfinland.com\/es\/lugares-que-conocer\/region-de-los-mil-lagos\/jyvaskyla\/\"><strong>Jyv\u00e4skyl\u00e4<\/strong><\/a>.<\/span><\/p>\n<p><span style=\"font-weight: 400;\">Aprofitant aquesta estada, tindr\u00e0 l\u2019oportunitat d\u2019aprofundir en <strong>t\u00e8cniques d\u2019envas i embalatge<\/strong>, visitar empreses del sector i enriquir-se amb <strong>metodologies did\u00e0ctiques innovadores<\/strong> que posteriorment podr\u00e0 aplicar a les aules del nostre centre. Tamb\u00e9 establir\u00e0 nous contactes internacionals i visitar\u00e0 <a href=\"https:\/\/www.metsagroup.com\/\"><strong>Mets\u00e4<\/strong><\/a>, una empresa especialitzada en packaging sostenible, on podr\u00e0 con\u00e8ixer de prop els seus els serveis.\u00a0<\/span><\/p>\n<p><span style=\"font-weight: 400;\">Aquest intercanvi representa una gran oportunitat per con\u00e8ixer de prop el funcionament d\u2019un sistema educatiu capdavanter, ampliar la xarxa de col\u00b7laboradors internacionals i aportar nous coneixements i experi\u00e8ncies que beneficiaran tant el professorat com l\u2019alumnat.\u00a0<\/span><\/p>\n<p><a href=\"https:\/\/agora.xtec.cat\/ifp-alguero\/wp-content\/uploads\/usu2575\/2025\/09\/alguero-finlandia-jobshadowing-1.jpg\"><img loading=\"lazy\" decoding=\"async\" class=\"alignnone size-full wp-image-4774\" src=\"https:\/\/agora.xtec.cat\/ifp-alguero\/wp-content\/uploads\/usu2575\/2025\/09\/alguero-finlandia-jobshadowing-1.jpg\" alt=\"IFP Alger\u00f3, Estada a Finl\u00e0ndia, Gradia, Alvar Aalto\" width=\"1024\" height=\"540\" srcset=\"https:\/\/agora.xtec.cat\/ifp-alguero\/wp-content\/uploads\/usu2575\/2025\/09\/alguero-finlandia-jobshadowing-1.jpg 1024w, https:\/\/agora.xtec.cat\/ifp-alguero\/wp-content\/uploads\/usu2575\/2025\/09\/alguero-finlandia-jobshadowing-1-300x158.jpg 300w, https:\/\/agora.xtec.cat\/ifp-alguero\/wp-content\/uploads\/usu2575\/2025\/09\/alguero-finlandia-jobshadowing-1-768x405.jpg 768w\" sizes=\"auto, (max-width: 1024px) 100vw, 1024px\" \/><\/a><\/p>\n","protected":false},"excerpt":{"rendered":"<p>La professora del centre, Nat\u00e0lia Corredoira, ha viatjat a <a href=\"https:\/\/www.visitfinland.com\/es\/\">Finl\u00e0ndia<\/a> per realitzar un per\u00edode d\u2019observaci\u00f3 \u201cjobshadowing\u201d a <a href=\"https:\/\/www.gradia.fi\/en\">Gradia<\/a>, un centre d\u2019arts gr\u00e0fiques de refer\u00e8ncia ubicat a <a href=\"https:\/\/www.visitfinland.com\/es\/lugares-que-conocer\/region-de-los-mil-lagos\/jyvaskyla\/\">Jyv\u00e4skyl\u00e4<\/a>.<br \/>\nAprofitant aquesta estada, tindr\u00e0 l\u2019oportunitat d\u2019aprofundir en t\u00e8cniques d\u2019envas i embalatge, visitar empreses del sector i&hellip;  <a href=\"https:\/\/agora.xtec.cat\/ifp-alguero\/general\/natalia-corredoira-professora-darts-grafiques-realitza-una-estada-jobshadowing-a-finlandia\/\" title=\"Read Nat\u00e0lia Corredoira, professora d&#8217;Arts Gr\u00e0fiques, d&#8217;estada jobshadowing a Finl\u00e0ndia\">Llegeix m\u00e9s\u00bb<\/a><\/p>\n","protected":false},"author":13,"featured_media":4775,"comment_status":"closed","ping_status":"open","sticky":false,"template":"","format":"standard","meta":{"_bbp_topic_count":0,"_bbp_reply_count":0,"_bbp_total_topic_count":0,"_bbp_total_reply_count":0,"_bbp_voice_count":0,"_bbp_anonymous_reply_count":0,"_bbp_topic_count_hidden":0,"_bbp_reply_count_hidden":0,"_bbp_forum_subforum_count":0,"footnotes":""},"categories":[1,153,111,29],"tags":[156,118,134,154,142,155],"class_list":["post-4736","post","type-post","status-publish","format-standard","has-post-thumbnail","hentry","category-general","category-mobilitat","category-noticies_alumnat","category-portada","tag-alvar-aalto","tag-artsgrafiques","tag-finlandia","tag-gradia","tag-mobilitat","tag-preimpressio-digital"],"post_mailing_queue_ids":[],"_links":{"self":[{"href":"https:\/\/agora.xtec.cat\/ifp-alguero\/wp-json\/wp\/v2\/posts\/4736","targetHints":{"allow":["GET"]}}],"collection":[{"href":"https:\/\/agora.xtec.cat\/ifp-alguero\/wp-json\/wp\/v2\/posts"}],"about":[{"href":"https:\/\/agora.xtec.cat\/ifp-alguero\/wp-json\/wp\/v2\/types\/post"}],"author":[{"embeddable":true,"href":"https:\/\/agora.xtec.cat\/ifp-alguero\/wp-json\/wp\/v2\/users\/13"}],"replies":[{"embeddable":true,"href":"https:\/\/agora.xtec.cat\/ifp-alguero\/wp-json\/wp\/v2\/comments?post=4736"}],"version-history":[{"count":3,"href":"https:\/\/agora.xtec.cat\/ifp-alguero\/wp-json\/wp\/v2\/posts\/4736\/revisions"}],"predecessor-version":[{"id":4778,"href":"https:\/\/agora.xtec.cat\/ifp-alguero\/wp-json\/wp\/v2\/posts\/4736\/revisions\/4778"}],"wp:featuredmedia":[{"embeddable":true,"href":"https:\/\/agora.xtec.cat\/ifp-alguero\/wp-json\/wp\/v2\/media\/4775"}],"wp:attachment":[{"href":"https:\/\/agora.xtec.cat\/ifp-alguero\/wp-json\/wp\/v2\/media?parent=4736"}],"wp:term":[{"taxonomy":"category","embeddable":true,"href":"https:\/\/agora.xtec.cat\/ifp-alguero\/wp-json\/wp\/v2\/categories?post=4736"},{"taxonomy":"post_tag","embeddable":true,"href":"https:\/\/agora.xtec.cat\/ifp-alguero\/wp-json\/wp\/v2\/tags?post=4736"}],"curies":[{"name":"wp","href":"https:\/\/api.w.org\/{rel}","templated":true}]}}