{"id":4308,"date":"2025-06-05T14:31:16","date_gmt":"2025-06-05T12:31:16","guid":{"rendered":"https:\/\/agora.xtec.cat\/ifp-alguero\/?p=4308"},"modified":"2025-06-05T14:31:16","modified_gmt":"2025-06-05T12:31:16","slug":"3a-edicio-de-la-via-grafica-on-la-formacio-i-el-talent-suneixen-per-fer-creixer-el-sector","status":"publish","type":"post","link":"https:\/\/agora.xtec.cat\/ifp-alguero\/general\/3a-edicio-de-la-via-grafica-on-la-formacio-i-el-talent-suneixen-per-fer-creixer-el-sector\/","title":{"rendered":"3a edici\u00f3 de la Via Gr\u00e0fica, on la formaci\u00f3 i el talent s\u2019uneixen per fer cr\u00e9ixer el sector"},"content":{"rendered":"<p data-pm-slice=\"1 1 []\">El passat dijous l\u2019Institut de Formaci\u00f3 Professional Antoni Alguer\u00f3 va dur a terme la 3a edici\u00f3 de <strong><em>La Via Gr\u00e0fica<\/em><\/strong>, una jornada que combina <span style=\"font-weight: 400;\">empreses i professionals del sector per compartir experi\u00e8ncies amb l&#8217;alumnat, els futurs talents de la ind\u00fastria de la comunicaci\u00f3 i la producci\u00f3 gr\u00e0fica. <\/span>L\u2019acte va comen\u00e7ar amb una mostra de projectes fets en els diferents cicles formatius, i els estudiants es van fer c\u00e0rrec de la presentaci\u00f3 i conducci\u00f3 de l&#8217;acte.<\/p>\n<p data-pm-slice=\"1 1 []\"><img loading=\"lazy\" decoding=\"async\" class=\"wp-image-4314 alignnone\" src=\"https:\/\/agora.xtec.cat\/ifp-alguero\/wp-content\/uploads\/usu2575\/2025\/06\/VG-MOSTRA.jpg\" alt=\"\" width=\"423\" height=\"322\" srcset=\"https:\/\/agora.xtec.cat\/ifp-alguero\/wp-content\/uploads\/usu2575\/2025\/06\/VG-MOSTRA.jpg 567w, https:\/\/agora.xtec.cat\/ifp-alguero\/wp-content\/uploads\/usu2575\/2025\/06\/VG-MOSTRA-300x228.jpg 300w\" sizes=\"auto, (max-width: 423px) 100vw, 423px\" \/><img loading=\"lazy\" decoding=\"async\" class=\" wp-image-4312 alignnone\" src=\"https:\/\/agora.xtec.cat\/ifp-alguero\/wp-content\/uploads\/usu2575\/2025\/06\/VG-EXPO.jpg\" alt=\"\" width=\"482\" height=\"321\" srcset=\"https:\/\/agora.xtec.cat\/ifp-alguero\/wp-content\/uploads\/usu2575\/2025\/06\/VG-EXPO.jpg 567w, https:\/\/agora.xtec.cat\/ifp-alguero\/wp-content\/uploads\/usu2575\/2025\/06\/VG-EXPO-300x200.jpg 300w\" sizes=\"auto, (max-width: 482px) 100vw, 482px\" \/><\/p>\n<p>Durant l\u2019obertura, la directora Imma Font, va donar la benvinguda a tots i totes les assistents a l\u2019acte juntament amb representants de l\u2019Ajuntament de Sant Just Desvern, del Departament d\u2019Educaci\u00f3 i de l\u2019Ag\u00e8ncia P\u00fablica de Formaci\u00f3 i Qualificaci\u00f3 Professionals de Catalunya (FPCAT). Els parlaments van posar \u00e8mfasi en la col\u00b7laboraci\u00f3 entre el m\u00f3n educatiu i les empreses.<\/p>\n<p>Seguidament, es va presentar un audiovisual que mostrava els espais formatius i els cicles que s\u2019hi imparteixen a l\u2019Antoni Alguer\u00f3. Aquesta projecci\u00f3 va servir per contextualitzar el dia a dia a les aules i tallers i per donar a con\u00e8ixer les especialitats que ofereix el centre. La programaci\u00f3 va continuar amb la presentaci\u00f3 de quatre projectes finals desenvolupats per estudiants de diferents cicles, on es mostraven compet\u00e8ncies en \u00e0rees com el disseny gr\u00e0fic, la serigrafia o l\u2019edici\u00f3 multim\u00e8dia.<\/p>\n<p>A continuaci\u00f3, la xerrada amb la participaci\u00f3 d<span style=\"font-weight: 400;\">el reconegut dissenyador <\/span><b>Enric Jard\u00ed<\/b><span style=\"font-weight: 400;\">, un referent en el camp de la tipografia i el disseny editorial i la consolidada assessora, <\/span><b>Merc\u00e8 Amat<\/b><span style=\"font-weight: 400;\">, experta en la producci\u00f3 de material gr\u00e0fic impr\u00e8s.<\/span> La xerrada va girar al voltant del llibre <em>Impossibles possibles<\/em> que van editar conjuntament mostrant diverses opcions sobre processos d\u2019impressi\u00f3. El recorregut per les p\u00e0gines del llibre va fer evident que un t\u00e0ndem dissenyador\/impressor sempre \u00e9s una aposta guanyadora.<\/p>\n<p><img loading=\"lazy\" decoding=\"async\" class=\" wp-image-4311 alignnone\" src=\"https:\/\/agora.xtec.cat\/ifp-alguero\/wp-content\/uploads\/usu2575\/2025\/06\/iEnric-Jardi-mpossibles-possibles-800x0-c-default.jpg\" alt=\"\" width=\"324\" height=\"318\" srcset=\"https:\/\/agora.xtec.cat\/ifp-alguero\/wp-content\/uploads\/usu2575\/2025\/06\/iEnric-Jardi-mpossibles-possibles-800x0-c-default.jpg 386w, https:\/\/agora.xtec.cat\/ifp-alguero\/wp-content\/uploads\/usu2575\/2025\/06\/iEnric-Jardi-mpossibles-possibles-800x0-c-default-300x295.jpg 300w\" sizes=\"auto, (max-width: 324px) 100vw, 324px\" \/> <img loading=\"lazy\" decoding=\"async\" class=\"wp-image-4313 alignnone\" src=\"https:\/\/agora.xtec.cat\/ifp-alguero\/wp-content\/uploads\/usu2575\/2025\/06\/VG-JARDI.jpg\" alt=\"\" width=\"475\" height=\"317\" srcset=\"https:\/\/agora.xtec.cat\/ifp-alguero\/wp-content\/uploads\/usu2575\/2025\/06\/VG-JARDI.jpg 567w, https:\/\/agora.xtec.cat\/ifp-alguero\/wp-content\/uploads\/usu2575\/2025\/06\/VG-JARDI-300x200.jpg 300w\" sizes=\"auto, (max-width: 475px) 100vw, 475px\" \/><\/p>\n<p><img loading=\"lazy\" decoding=\"async\" class=\" wp-image-4317 alignleft\" src=\"https:\/\/agora.xtec.cat\/ifp-alguero\/wp-content\/uploads\/usu2575\/2025\/06\/VG-PREMIS.jpg\" alt=\"\" width=\"509\" height=\"339\" srcset=\"https:\/\/agora.xtec.cat\/ifp-alguero\/wp-content\/uploads\/usu2575\/2025\/06\/VG-PREMIS.jpg 567w, https:\/\/agora.xtec.cat\/ifp-alguero\/wp-content\/uploads\/usu2575\/2025\/06\/VG-PREMIS-300x200.jpg 300w\" sizes=\"auto, (max-width: 509px) 100vw, 509px\" \/><\/p>\n<p>Cap al final de la jornada, es van lliurar reconeixements a les persones participants, incloent-hi un exemplar del llibre <em>Cinquanta i tants consells sobre tipografia<\/em>, del mateix Enric Jard\u00ed. L\u2019acte es va tancar amb unes paraules d\u2019agra\u00efment per part del centre i representants institucionals.<\/p>\n<p><strong><em>La Via Gr\u00e0fica<\/em><\/strong> s\u2019ha consolidat com a projecte transversal de centre, amb l\u2019objectiu de fer visible la feina que es fa en els cicles formatius d&#8217;Arts Gr\u00e0fiques i Arts Pl\u00e0tiques i Disseny i de mantenir el contacte amb els professionals del sector.<\/p>\n","protected":false},"excerpt":{"rendered":"<p>El passat dijous l\u2019Institut de Formaci\u00f3 Professional Antoni Alguer\u00f3 va dur a terme la 3a edici\u00f3 de La Via Gr\u00e0fica, una jornada que combina empreses i professionals del sector per compartir experi\u00e8ncies amb l&#8217;alumnat, els futurs talents de la ind\u00fastria de la comunicaci\u00f3 i la&hellip;  <a href=\"https:\/\/agora.xtec.cat\/ifp-alguero\/general\/3a-edicio-de-la-via-grafica-on-la-formacio-i-el-talent-suneixen-per-fer-creixer-el-sector\/\" title=\"Read 3a edici\u00f3 de la Via Gr\u00e0fica, on la formaci\u00f3 i el talent s\u2019uneixen per fer cr\u00e9ixer el sector\">Llegeix m\u00e9s\u00bb<\/a><\/p>\n","protected":false},"author":1,"featured_media":4316,"comment_status":"closed","ping_status":"open","sticky":false,"template":"","format":"standard","meta":{"_bbp_topic_count":0,"_bbp_reply_count":0,"_bbp_total_topic_count":0,"_bbp_total_reply_count":0,"_bbp_voice_count":0,"_bbp_anonymous_reply_count":0,"_bbp_topic_count_hidden":0,"_bbp_reply_count_hidden":0,"_bbp_forum_subforum_count":0,"footnotes":""},"categories":[1,111,29,116],"tags":[122,127,141,140],"class_list":["post-4308","post","type-post","status-publish","format-standard","has-post-thumbnail","hentry","category-general","category-noticies_alumnat","category-portada","category-premis-i-reconeixements","tag-ifpantonialguero-firafpbaixllobregat-formacioprofessional-artsgrafiques-disseny","tag-creativitatfp","tag-esdeveniments","tag-la-via-grafica"],"post_mailing_queue_ids":[],"_links":{"self":[{"href":"https:\/\/agora.xtec.cat\/ifp-alguero\/wp-json\/wp\/v2\/posts\/4308","targetHints":{"allow":["GET"]}}],"collection":[{"href":"https:\/\/agora.xtec.cat\/ifp-alguero\/wp-json\/wp\/v2\/posts"}],"about":[{"href":"https:\/\/agora.xtec.cat\/ifp-alguero\/wp-json\/wp\/v2\/types\/post"}],"author":[{"embeddable":true,"href":"https:\/\/agora.xtec.cat\/ifp-alguero\/wp-json\/wp\/v2\/users\/1"}],"replies":[{"embeddable":true,"href":"https:\/\/agora.xtec.cat\/ifp-alguero\/wp-json\/wp\/v2\/comments?post=4308"}],"version-history":[{"count":4,"href":"https:\/\/agora.xtec.cat\/ifp-alguero\/wp-json\/wp\/v2\/posts\/4308\/revisions"}],"predecessor-version":[{"id":4328,"href":"https:\/\/agora.xtec.cat\/ifp-alguero\/wp-json\/wp\/v2\/posts\/4308\/revisions\/4328"}],"wp:featuredmedia":[{"embeddable":true,"href":"https:\/\/agora.xtec.cat\/ifp-alguero\/wp-json\/wp\/v2\/media\/4316"}],"wp:attachment":[{"href":"https:\/\/agora.xtec.cat\/ifp-alguero\/wp-json\/wp\/v2\/media?parent=4308"}],"wp:term":[{"taxonomy":"category","embeddable":true,"href":"https:\/\/agora.xtec.cat\/ifp-alguero\/wp-json\/wp\/v2\/categories?post=4308"},{"taxonomy":"post_tag","embeddable":true,"href":"https:\/\/agora.xtec.cat\/ifp-alguero\/wp-json\/wp\/v2\/tags?post=4308"}],"curies":[{"name":"wp","href":"https:\/\/api.w.org\/{rel}","templated":true}]}}